{"id":3012,"date":"2019-09-15T20:18:53","date_gmt":"2019-09-15T19:18:53","guid":{"rendered":"https:\/\/www.puls200.de\/?p=3012"},"modified":"2019-09-23T09:55:24","modified_gmt":"2019-09-23T08:55:24","slug":"hahnweide-2019","status":"publish","type":"post","link":"https:\/\/www.puls200.de\/?p=3012","title":{"rendered":"Hahnweide 2019"},"content":{"rendered":"<p>Es gibt f\u00fcr mich wenig <a href=\"https:\/\/www.puls200.de\/?p=2032\">richtig<\/a> <a href=\"https:\/\/www.puls200.de\/?p=1190\">interessante<\/a> <a href=\"https:\/\/www.puls200.de\/?p=1499\">Veranstaltungen<\/a>. Aber bei dieser hier w\u00fcrde ich meinen Job k\u00fcndigen um dabei zu sein. Ach halt, ich habe ja schon gek\u00fcndigt.. ;-)<br \/>\nWegen anderen Verpflichtungen konnte ich in diesem Jahr erst am Sonntag dabei sein. Kurz nach 10 war ich am Platz und es ging gleich richtig zur Sache mit der Sea Fury im Display. Mit weit \u00fcber 2000 PS eines der st\u00e4rksten Prop-Jagdflugzeuge aller Zeiten... da gab es gleich was auf die Ohren.<br \/>\n<img decoding=\"async\" loading=\"lazy\" src=\"https:\/\/www.puls200.de\/wp-content\/uploads\/ott19_1.jpg\" alt=\"Sea Fury\" width=\"800\" height=\"361\" class=\"alignnone size-full wp-image-3015\" srcset=\"https:\/\/www.puls200.de\/wp-content\/uploads\/ott19_1.jpg 800w, https:\/\/www.puls200.de\/wp-content\/uploads\/ott19_1-300x135.jpg 300w, https:\/\/www.puls200.de\/wp-content\/uploads\/ott19_1-768x347.jpg 768w, https:\/\/www.puls200.de\/wp-content\/uploads\/ott19_1-500x226.jpg 500w\" sizes=\"(max-width: 800px) 100vw, 800px\" \/><\/p>\n<p>Sehr sch\u00f6n auch die WK-1 Warbirds... da war die Fliegerei nicht viel mehr als ein paar Bretter, Stoff und gute Ideen. Und wenn man langsamer fliegen muss um in der Formation zu bleiben.. tja.. da muss man eben kurz die Z\u00fcndung ausmachen. Gashebel? Neumodischer Quatsch.<\/p>\n<p><img decoding=\"async\" loading=\"lazy\" src=\"https:\/\/www.puls200.de\/wp-content\/uploads\/ott19_2.jpg\" alt=\"\" width=\"800\" height=\"334\" class=\"alignnone size-full wp-image-3016\" srcset=\"https:\/\/www.puls200.de\/wp-content\/uploads\/ott19_2.jpg 800w, https:\/\/www.puls200.de\/wp-content\/uploads\/ott19_2-300x125.jpg 300w, https:\/\/www.puls200.de\/wp-content\/uploads\/ott19_2-768x321.jpg 768w, https:\/\/www.puls200.de\/wp-content\/uploads\/ott19_2-500x209.jpg 500w\" sizes=\"(max-width: 800px) 100vw, 800px\" \/><\/p>\n<p>Ein paar Yak's in Formation mit reichlich Nebel<\/p>\n<p><img decoding=\"async\" loading=\"lazy\" src=\"https:\/\/www.puls200.de\/wp-content\/uploads\/ott19_3.jpg\" alt=\"\" width=\"800\" height=\"418\" class=\"alignnone size-full wp-image-3017\" srcset=\"https:\/\/www.puls200.de\/wp-content\/uploads\/ott19_3.jpg 800w, https:\/\/www.puls200.de\/wp-content\/uploads\/ott19_3-300x157.jpg 300w, https:\/\/www.puls200.de\/wp-content\/uploads\/ott19_3-768x401.jpg 768w, https:\/\/www.puls200.de\/wp-content\/uploads\/ott19_3-500x261.jpg 500w\" sizes=\"(max-width: 800px) 100vw, 800px\" \/><\/p>\n<p>Und ein besonderes Highlight f\u00fcr mich.. die P-47 zusammen mit der spanischen Version der Me-109 (zur\u00fccklackiert Richtung Luftwaffe)<\/p>\n<p><img decoding=\"async\" loading=\"lazy\" src=\"https:\/\/www.puls200.de\/wp-content\/uploads\/ott19_4.jpg\" alt=\"\" width=\"800\" height=\"313\" class=\"alignnone size-full wp-image-3018\" srcset=\"https:\/\/www.puls200.de\/wp-content\/uploads\/ott19_4.jpg 800w, https:\/\/www.puls200.de\/wp-content\/uploads\/ott19_4-300x117.jpg 300w, https:\/\/www.puls200.de\/wp-content\/uploads\/ott19_4-768x300.jpg 768w, https:\/\/www.puls200.de\/wp-content\/uploads\/ott19_4-500x196.jpg 500w\" sizes=\"(max-width: 800px) 100vw, 800px\" \/><\/p>\n<p>Double Action gleich danach.. die PZL-106 verteilt Wasserwolken statt Pflanzenschutzmittel und die OV-10 Bronco fliegt ein grandioses Display - das Teil hatte ich vorher noch nie live gesehen. Absolut erstaunliche Flugeigenschaften und mit ein paar hundert Meter Piste zufrieden..<\/p>\n<p><img decoding=\"async\" loading=\"lazy\" src=\"https:\/\/www.puls200.de\/wp-content\/uploads\/ott19_11.jpg\" alt=\"\" width=\"800\" height=\"264\" class=\"alignnone size-full wp-image-3014\" srcset=\"https:\/\/www.puls200.de\/wp-content\/uploads\/ott19_11.jpg 800w, https:\/\/www.puls200.de\/wp-content\/uploads\/ott19_11-300x99.jpg 300w, https:\/\/www.puls200.de\/wp-content\/uploads\/ott19_11-768x253.jpg 768w, https:\/\/www.puls200.de\/wp-content\/uploads\/ott19_11-500x165.jpg 500w\" sizes=\"(max-width: 800px) 100vw, 800px\" \/><\/p>\n<p><img decoding=\"async\" loading=\"lazy\" src=\"https:\/\/www.puls200.de\/wp-content\/uploads\/ott19_7.jpg\" alt=\"\" width=\"800\" height=\"332\" class=\"alignnone size-full wp-image-3021\" srcset=\"https:\/\/www.puls200.de\/wp-content\/uploads\/ott19_7.jpg 800w, https:\/\/www.puls200.de\/wp-content\/uploads\/ott19_7-300x125.jpg 300w, https:\/\/www.puls200.de\/wp-content\/uploads\/ott19_7-768x319.jpg 768w, https:\/\/www.puls200.de\/wp-content\/uploads\/ott19_7-500x208.jpg 500w\" sizes=\"(max-width: 800px) 100vw, 800px\" \/><\/p>\n<p>Dann kam leider der Unfall mit der Kollision im Startfenster - das war ein gro\u00dfes Pech und das Ende der Veranstaltung. Die Abfl\u00fcge fanden danach noch statt und auch ein paar sch\u00f6ne \u00dcberfl\u00fcge, nur leider keine Displays und Kunstfl\u00fcge mehr und (gro\u00dfes Pech) auch keine Me-262 aus Manching. Gottseidank ist den Leuten in den Flugzeugen nicht viel passiert.<\/p>\n<p><img decoding=\"async\" loading=\"lazy\" src=\"https:\/\/www.puls200.de\/wp-content\/uploads\/ott19_5.jpg\" alt=\"\" width=\"800\" height=\"437\" class=\"alignnone size-full wp-image-3019\" srcset=\"https:\/\/www.puls200.de\/wp-content\/uploads\/ott19_5.jpg 800w, https:\/\/www.puls200.de\/wp-content\/uploads\/ott19_5-300x164.jpg 300w, https:\/\/www.puls200.de\/wp-content\/uploads\/ott19_5-768x420.jpg 768w, https:\/\/www.puls200.de\/wp-content\/uploads\/ott19_5-500x273.jpg 500w\" sizes=\"(max-width: 800px) 100vw, 800px\" \/><\/p>\n<p>Die meisten haben sich aber nicht abhalten lassen und ein Gro\u00dfteil der Massen ist geblieben. Die bisher am besten besuchte Veranstaltung dieser Reihe in meiner Erinnerung.<\/p>\n<p><img decoding=\"async\" loading=\"lazy\" src=\"https:\/\/www.puls200.de\/wp-content\/uploads\/ott19_10.jpg\" alt=\"\" width=\"800\" height=\"390\" class=\"alignnone size-full wp-image-3024\" srcset=\"https:\/\/www.puls200.de\/wp-content\/uploads\/ott19_10.jpg 800w, https:\/\/www.puls200.de\/wp-content\/uploads\/ott19_10-300x146.jpg 300w, https:\/\/www.puls200.de\/wp-content\/uploads\/ott19_10-768x374.jpg 768w, https:\/\/www.puls200.de\/wp-content\/uploads\/ott19_10-500x244.jpg 500w\" sizes=\"(max-width: 800px) 100vw, 800px\" \/><\/p>\n<p>Es war mordsm\u00e4\u00dfig hei\u00df und alle haben Sonnenbr\u00e4nde bekommen. Die letzten Zuckungen des Sommers sozusagen..<\/p>\n<p><img decoding=\"async\" loading=\"lazy\" src=\"https:\/\/www.puls200.de\/wp-content\/uploads\/ott19_8.jpg\" alt=\"\" width=\"800\" height=\"533\" class=\"alignnone size-full wp-image-3022\" srcset=\"https:\/\/www.puls200.de\/wp-content\/uploads\/ott19_8.jpg 800w, https:\/\/www.puls200.de\/wp-content\/uploads\/ott19_8-300x200.jpg 300w, https:\/\/www.puls200.de\/wp-content\/uploads\/ott19_8-768x512.jpg 768w, https:\/\/www.puls200.de\/wp-content\/uploads\/ott19_8-450x300.jpg 450w\" sizes=\"(max-width: 800px) 100vw, 800px\" \/><\/p>\n<p>Wundersch\u00f6ne Flightline..<\/p>\n<p><img decoding=\"async\" loading=\"lazy\" src=\"https:\/\/www.puls200.de\/wp-content\/uploads\/ott19_9.jpg\" alt=\"\" width=\"800\" height=\"505\" class=\"alignnone size-full wp-image-3023\" srcset=\"https:\/\/www.puls200.de\/wp-content\/uploads\/ott19_9.jpg 800w, https:\/\/www.puls200.de\/wp-content\/uploads\/ott19_9-300x189.jpg 300w, https:\/\/www.puls200.de\/wp-content\/uploads\/ott19_9-768x485.jpg 768w, https:\/\/www.puls200.de\/wp-content\/uploads\/ott19_9-475x300.jpg 475w\" sizes=\"(max-width: 800px) 100vw, 800px\" \/><\/p>\n<p>und polierte Exoten<\/p>\n<p><img decoding=\"async\" loading=\"lazy\" src=\"https:\/\/www.puls200.de\/wp-content\/uploads\/ott19_6.jpg\" alt=\"\" width=\"800\" height=\"339\" class=\"alignnone size-full wp-image-3020\" srcset=\"https:\/\/www.puls200.de\/wp-content\/uploads\/ott19_6.jpg 800w, https:\/\/www.puls200.de\/wp-content\/uploads\/ott19_6-300x127.jpg 300w, https:\/\/www.puls200.de\/wp-content\/uploads\/ott19_6-768x325.jpg 768w, https:\/\/www.puls200.de\/wp-content\/uploads\/ott19_6-500x212.jpg 500w\" sizes=\"(max-width: 800px) 100vw, 800px\" \/><\/p>\n<p>Auch in diesem Jahr trotz des Unfalls ein Knaller und ich hoffe sehr, dass es in 2021 oder 2022 eine Wiederauflage gibt.<\/p>\n<p>Edit: Der SWR war auch da, hier ist der <a href=\"https:\/\/www.ardmediathek.de\/swr\/player\/Y3JpZDovL3N3ci5kZS9hZXgvbzExNTQ5NTE\/?fbclid=IwAR3-kqmAPgHqaUfn8J5y3ZBavjijdeu82Yw6m0xVmBQUKbuA62ZoC_VD38w\" rel=\"noopener noreferrer\" target=\"_blank\">Link zum Beitrag in der Mediathek<\/a>. Sehr lustig, mit dem Typ und seiner Frau, der bei 01:50 interviewt wird haben wir uns am Sonntag auch eine ganze Weile unterhalten. :-)<\/p>\n","protected":false},"excerpt":{"rendered":"<p>Es gibt f\u00fcr mich wenig richtig interessante Veranstaltungen. Aber bei dieser hier w\u00fcrde ich meinen Job k\u00fcndigen um dabei zu sein. Ach halt, ich habe ja schon gek\u00fcndigt.. ;-) Wegen anderen Verpflichtungen konnte ich in diesem Jahr erst am Sonntag &hellip; <a href=\"https:\/\/www.puls200.de\/?p=3012\">Continue reading <span class=\"meta-nav\">&rarr;<\/span><\/a><\/p>\n","protected":false},"author":1,"featured_media":0,"comment_status":"open","ping_status":"open","sticky":false,"template":"","format":"standard","meta":{"ngg_post_thumbnail":0},"categories":[55,9],"tags":[],"_links":{"self":[{"href":"https:\/\/www.puls200.de\/index.php?rest_route=\/wp\/v2\/posts\/3012"}],"collection":[{"href":"https:\/\/www.puls200.de\/index.php?rest_route=\/wp\/v2\/posts"}],"about":[{"href":"https:\/\/www.puls200.de\/index.php?rest_route=\/wp\/v2\/types\/post"}],"author":[{"embeddable":true,"href":"https:\/\/www.puls200.de\/index.php?rest_route=\/wp\/v2\/users\/1"}],"replies":[{"embeddable":true,"href":"https:\/\/www.puls200.de\/index.php?rest_route=%2Fwp%2Fv2%2Fcomments&post=3012"}],"version-history":[{"count":10,"href":"https:\/\/www.puls200.de\/index.php?rest_route=\/wp\/v2\/posts\/3012\/revisions"}],"predecessor-version":[{"id":3038,"href":"https:\/\/www.puls200.de\/index.php?rest_route=\/wp\/v2\/posts\/3012\/revisions\/3038"}],"wp:attachment":[{"href":"https:\/\/www.puls200.de\/index.php?rest_route=%2Fwp%2Fv2%2Fmedia&parent=3012"}],"wp:term":[{"taxonomy":"category","embeddable":true,"href":"https:\/\/www.puls200.de\/index.php?rest_route=%2Fwp%2Fv2%2Fcategories&post=3012"},{"taxonomy":"post_tag","embeddable":true,"href":"https:\/\/www.puls200.de\/index.php?rest_route=%2Fwp%2Fv2%2Ftags&post=3012"}],"curies":[{"name":"wp","href":"https:\/\/api.w.org\/{rel}","templated":true}]}}