

{"id":2422,"date":"2017-06-30T08:30:31","date_gmt":"2017-06-30T07:30:31","guid":{"rendered":"https:\/\/www.puls200.de\/?p=2422"},"modified":"2017-06-30T08:30:31","modified_gmt":"2017-06-30T07:30:31","slug":"westweg-etappe-6-hausach-wilhelmshohe","status":"publish","type":"post","link":"https:\/\/www.puls200.de\/?p=2422","title":{"rendered":"Westweg Etappe 6: Hausach &#8211; Wilhelmsh\u00f6he"},"content":{"rendered":"<p><strong>Samstag, 24.6. 2017<\/strong><br \/>\nAm Morgen ist der Himmel - oh Wunder - bedeckt, als ich aus dem Fenster schaue. Es sollte zwar nicht regnen an diesem Tag, aber immer wieder ziehen Wolken durch, so dass es nicht mehr ganz so hei\u00df wird. Aber zun\u00e4chst bediene ich mich am \u00fcppigen Fr\u00fchst\u00fcckbuffet. Frisch gepackt durchquere ich dann erneut Hausach in Richtung der Burg Husen. Im Ort ist eine gro\u00dfer Betrieb der zur Zeit Nachtschichten f\u00e4hrt und ich bin froh, dass es immer ruhiger wird. Wieder komme ich an einer, wie ich finde komplett \u00fcbertriebenen Kirche vorbei, aber die Erkl\u00e4rung ist einfach: Hausach war damals eine wohlhabende Ecke, es gab reichlich Silber- und Eisenerzminen. Die Burg, auf einem niedrigen Vorsprung ins Tal hineingebaut diente zu deren Schutz. Mitten von der Hauptstra\u00dfe zweigt dann der Westweg steil nach oben ab. Nach kurzer Zeit stehe ich inzwischen wieder in v\u00f6lliger Einsamkeit unter dem dicken Burgturm. Komische Ger\u00e4usche? Am Turm hinauf entdecke ich einen langen Vogelkackebremsstreifen bis zu einem kleinen Loch, aus dem die K\u00f6pfe von drei kleinen und einem gro\u00dfen Wanderfalken(?) schauen. Kaum ist der Ern\u00e4hrer abgeflogen f\u00e4ngt ein herzzerreissendes Gepiepe an. Fast m\u00f6chte ich einen M\u00fcsliriegel ausgeben. Einmal mehr \u00e4rgere ich mich, keine Kamera mit vern\u00fcnftiger Optik dabei zu haben.<br \/>\nJetzt folgt der Anstieg auf den Farrenkopf. Oben angelangt, befinde ich mich praktisch wieder auf der \"Schwarzwald-Ebene\" von knapp unter 1000m. Unterwegs \u00fcberhole ich doch glatt einige Wanderer, das h\u00e4tte ich nun nicht f\u00fcr m\u00f6glich gehalten. Man muss es sich aber mehr wie eine Art LKW-\u00dcberholung vorstellen. Unmerklich, sozusagen. Auf dem Farrenkopf treffen wir uns dann alle wieder, eine Gruppe \u00e4lterer Wanderer und ein junger Kerl, der seinen Sohn aus rein sportlichen Gr\u00fcnden in einer R\u00fcckentrage hochgeschleppt hat. Der steht dann auf seinen eigenen, etwas wackligen Beinen oben auf dem Berg mit der Brezel in der Hand, blinzelt und wundert sich wie er denn hierher gekommen ist. Wir unterhalten uns ein bisschen und ich gehe dann aber relativ kurzfristig weiter.. der Gipfel ist einfach zu klein f\u00fcr uns alle ;-)<br \/>\nDer Weg f\u00fchrt jetzt mehr oder weniger eben direkt Richtung S\u00fcden. Irgendwann erreicht man die Prechtaler Schanze, ein inzwischen unkenntlich zugewachsenes Abwehrbauwerk gegen die p\u00f6sen Franzosen. Mir hat diese Strecke nicht so gut gefallen - ich bin allerdings auch kein ausgewiesener Windkraft-Fan. Man unterl\u00e4uft nacheinander 5? Windr\u00e4der und durchquert jeweils deren tellerartig geschotterte, komplett-gerodete Bodenfl\u00e4chen. In dieser sch\u00f6nen Landschaft muss ich ganz doll an Atom- und Kohlekraftwerke denken, um das noch einigermassen ok zu finden. Ich w\u00fcrde hier den Westweg ummarkieren. Hinter dem Huberfelsen ist es aber geschafft, und p\u00fcnktlich dazu kommt die Sonne wieder heraus. W\u00e4hrend ich oben stehe und ein paar Bilder mache tauchen meine Wanderer wieder auf und ziehen vorbei, ohne den Felsen zu beachten. Die waren anscheinend schon mal hier. Es ist oben ein etwas komisches Gef\u00fchl da oben, da die Felsform rund ist und nur ein niedriges Gel\u00e4nder drumherum hat. Vielleicht sollte ich auch einfach etwas essen.<br \/>\nAb hier wird der Weg wieder sch\u00f6n und man erreicht nach einiger Zeit den Karlsstein. Auch hier werden die B\u00e4ume gr\u00f6\u00dfer und die Aussicht kleiner, aber es ist immer noch ein interessanter Blick, diesmal Richtung Osten. Ein paar Meter weiter kommt man am Hotel\/Gasthof \"Sch\u00f6ne Aussicht\" (jaja, immer sch\u00f6n freischneiden, gell?) wieder aus dem Wald. Ich kehre hier nicht ein, sondern folge dem Weg weiter nach Karlsstein\/Rensberg, einem weiteren leicht abgerockten Gasthof direkt an der (nur minimal befahrenen) Stra\u00dfe. Dort stehen Bierb\u00e4nke und sie haben Kuchen! Ich bin der einzige Gast drau\u00dfen. Kurze Zeit sp\u00e4ter n\u00e4hert sich ein uralter Mazda, ein ebenfalls fast uralter Mann steigt aus und setzt sich nach kurzer \u00dcberlegung mir direkt gegen\u00fcber. Ohne Bestellung erh\u00e4lt er ein Pils. Stille. Ich schaffe es nicht, ein Gespr\u00e4ch in Gang zu bringen, er bleibt einsilbig. Vielleicht musste er einfach mal raus von zuhause am Samstag mittag und m\u00f6chte nicht sprechen. Irgendwann stelle ich meine Bem\u00fchungen ein. Dann sind wir soweit fertig und verabschieden uns freundlich. Er knattert davon, ich laufe weiter. Das letzte Wegst\u00fcck zur Wilhelmsh\u00f6he ist wieder wundersch\u00f6n und ich bin dann relativ fr\u00fch am Ziel. Auch hier Zimmer sch\u00f6n und Restaurant einfach, aber lecker. Man kann nochmal drau\u00dfen sitzen, obwohl der Wind jetzt schon recht kr\u00e4ftig weht. Als die Sonne hinter dem Haus verschwindet wird es mir tats\u00e4chlich etwas kalt und ich mache Schlu\u00df f\u00fcr heute.<\/p>\n<p><!-- index.php -->\n<div\n\tclass=\"ngg-galleryoverview\n\t\t\"\n\tid=\"ngg-gallery-84de6c265235003dbda4cee5c95951e7-1\">\n\n\t\t<div class=\"slideshowlink\">\n\t\t<a href='https:\/\/www.puls200.de\/index.php\/nggallery\/slideshow?p=2422'>&#091;Show slideshow&#093;<\/a>\n\t\t\n\t<\/div>\n\t\t\t<!-- Thumbnails -->\n\t\t\t\t<div id=\"ngg-image-0\" class=\"ngg-gallery-thumbnail-box\" \n\t\t\t\t\t\t\t\t\t\t\t>\n\t\t\t\t\t\t<div class=\"ngg-gallery-thumbnail\">\n\t\t\t<a href=\"https:\/\/www.puls200.de\/wp-content\/gallery\/westweg_etappe_6\/20170624_084537.jpg\"\n\t\t\t\ttitle=\"Nicht im Bild: der gro\u00dfe Stau auf der Durchfahrtsstra\u00dfe direkt hinter mir.\"\n\t\t\t\tdata-src=\"https:\/\/www.puls200.de\/wp-content\/gallery\/westweg_etappe_6\/20170624_084537.jpg\"\n\t\t\t\tdata-thumbnail=\"https:\/\/www.puls200.de\/wp-content\/gallery\/westweg_etappe_6\/thumbs\/thumbs_20170624_084537.jpg\"\n\t\t\t\tdata-image-id=\"230\"\n\t\t\t\tdata-title=\"Tor in Hausach\"\n\t\t\t\tdata-description=\"Nicht im Bild: der gro\u00dfe Stau auf der Durchfahrtsstra\u00dfe direkt hinter mir.\"\n\t\t\t\tdata-image-slug=\"20170624_084537\"\n\t\t\t\tclass='use_imagebrowser_effect' data-imagebrowser-url='https:\/\/www.puls200.de\/index.php\/nggallery\/image\/%STUB%?p=2422'>\n\t\t\t\t<img\n\t\t\t\t\ttitle=\"Tor in Hausach\"\n\t\t\t\t\talt=\"Tor in Hausach\"\n\t\t\t\t\tsrc=\"https:\/\/www.puls200.de\/wp-content\/gallery\/westweg_etappe_6\/thumbs\/thumbs_20170624_084537.jpg\"\n\t\t\t\t\twidth=\"120\"\n\t\t\t\t\theight=\"90\"\n\t\t\t\t\tstyle=\"max-width:100%;\"\n\t\t\t\t\/>\n\t\t\t<\/a>\n\t\t<\/div>\n\t\t\t\t\t\t\t<\/div> \n\t\t\t\n\t\t\n\t\t\t\t<div id=\"ngg-image-1\" class=\"ngg-gallery-thumbnail-box\" \n\t\t\t\t\t\t\t\t\t\t\t>\n\t\t\t\t\t\t<div class=\"ngg-gallery-thumbnail\">\n\t\t\t<a href=\"https:\/\/www.puls200.de\/wp-content\/gallery\/westweg_etappe_6\/20170624_090118.jpg\"\n\t\t\t\ttitle=\"Heute nicht ganz so weit..\"\n\t\t\t\tdata-src=\"https:\/\/www.puls200.de\/wp-content\/gallery\/westweg_etappe_6\/20170624_090118.jpg\"\n\t\t\t\tdata-thumbnail=\"https:\/\/www.puls200.de\/wp-content\/gallery\/westweg_etappe_6\/thumbs\/thumbs_20170624_090118.jpg\"\n\t\t\t\tdata-image-id=\"231\"\n\t\t\t\tdata-title=\"Erster Wegweiser\"\n\t\t\t\tdata-description=\"Heute nicht ganz so weit..\"\n\t\t\t\tdata-image-slug=\"20170624_090118\"\n\t\t\t\tclass='use_imagebrowser_effect' data-imagebrowser-url='https:\/\/www.puls200.de\/index.php\/nggallery\/image\/%STUB%?p=2422'>\n\t\t\t\t<img\n\t\t\t\t\ttitle=\"Erster Wegweiser\"\n\t\t\t\t\talt=\"Erster Wegweiser\"\n\t\t\t\t\tsrc=\"https:\/\/www.puls200.de\/wp-content\/gallery\/westweg_etappe_6\/thumbs\/thumbs_20170624_090118.jpg\"\n\t\t\t\t\twidth=\"120\"\n\t\t\t\t\theight=\"90\"\n\t\t\t\t\tstyle=\"max-width:100%;\"\n\t\t\t\t\/>\n\t\t\t<\/a>\n\t\t<\/div>\n\t\t\t\t\t\t\t<\/div> \n\t\t\t\n\t\t\n\t\t\t\t<div id=\"ngg-image-2\" class=\"ngg-gallery-thumbnail-box\" \n\t\t\t\t\t\t\t\t\t\t\t>\n\t\t\t\t\t\t<div class=\"ngg-gallery-thumbnail\">\n\t\t\t<a href=\"https:\/\/www.puls200.de\/wp-content\/gallery\/westweg_etappe_6\/20170624_090921.jpg\"\n\t\t\t\ttitle=\"Blick auf Hausach\"\n\t\t\t\tdata-src=\"https:\/\/www.puls200.de\/wp-content\/gallery\/westweg_etappe_6\/20170624_090921.jpg\"\n\t\t\t\tdata-thumbnail=\"https:\/\/www.puls200.de\/wp-content\/gallery\/westweg_etappe_6\/thumbs\/thumbs_20170624_090921.jpg\"\n\t\t\t\tdata-image-id=\"232\"\n\t\t\t\tdata-title=\"Burg Husen\"\n\t\t\t\tdata-description=\"Blick auf Hausach\"\n\t\t\t\tdata-image-slug=\"20170624_090921\"\n\t\t\t\tclass='use_imagebrowser_effect' data-imagebrowser-url='https:\/\/www.puls200.de\/index.php\/nggallery\/image\/%STUB%?p=2422'>\n\t\t\t\t<img\n\t\t\t\t\ttitle=\"Burg Husen\"\n\t\t\t\t\talt=\"Burg Husen\"\n\t\t\t\t\tsrc=\"https:\/\/www.puls200.de\/wp-content\/gallery\/westweg_etappe_6\/thumbs\/thumbs_20170624_090921.jpg\"\n\t\t\t\t\twidth=\"120\"\n\t\t\t\t\theight=\"90\"\n\t\t\t\t\tstyle=\"max-width:100%;\"\n\t\t\t\t\/>\n\t\t\t<\/a>\n\t\t<\/div>\n\t\t\t\t\t\t\t<\/div> \n\t\t\t\n\t\t\n\t\t\t\t<div id=\"ngg-image-3\" class=\"ngg-gallery-thumbnail-box\" \n\t\t\t\t\t\t\t\t\t\t\t>\n\t\t\t\t\t\t<div class=\"ngg-gallery-thumbnail\">\n\t\t\t<a href=\"https:\/\/www.puls200.de\/wp-content\/gallery\/westweg_etappe_6\/20170624_090940.jpg\"\n\t\t\t\ttitle=\"Loch in der Mitte: Heim der gefiederten Familie\"\n\t\t\t\tdata-src=\"https:\/\/www.puls200.de\/wp-content\/gallery\/westweg_etappe_6\/20170624_090940.jpg\"\n\t\t\t\tdata-thumbnail=\"https:\/\/www.puls200.de\/wp-content\/gallery\/westweg_etappe_6\/thumbs\/thumbs_20170624_090940.jpg\"\n\t\t\t\tdata-image-id=\"233\"\n\t\t\t\tdata-title=\"Burg Husen\"\n\t\t\t\tdata-description=\"Loch in der Mitte: Heim der gefiederten Familie\"\n\t\t\t\tdata-image-slug=\"20170624_090940\"\n\t\t\t\tclass='use_imagebrowser_effect' data-imagebrowser-url='https:\/\/www.puls200.de\/index.php\/nggallery\/image\/%STUB%?p=2422'>\n\t\t\t\t<img\n\t\t\t\t\ttitle=\"Burg Husen\"\n\t\t\t\t\talt=\"Burg Husen\"\n\t\t\t\t\tsrc=\"https:\/\/www.puls200.de\/wp-content\/gallery\/westweg_etappe_6\/thumbs\/thumbs_20170624_090940.jpg\"\n\t\t\t\t\twidth=\"120\"\n\t\t\t\t\theight=\"90\"\n\t\t\t\t\tstyle=\"max-width:100%;\"\n\t\t\t\t\/>\n\t\t\t<\/a>\n\t\t<\/div>\n\t\t\t\t\t\t\t<\/div> \n\t\t\t\n\t\t\n\t\t\t\t<div id=\"ngg-image-4\" class=\"ngg-gallery-thumbnail-box\" \n\t\t\t\t\t\t\t\t\t\t\t>\n\t\t\t\t\t\t<div class=\"ngg-gallery-thumbnail\">\n\t\t\t<a href=\"https:\/\/www.puls200.de\/wp-content\/gallery\/westweg_etappe_6\/20170624_100601.jpg\"\n\t\t\t\ttitle=\"..wenn ich das vorher gewu\u00dft h\u00e4tte..\"\n\t\t\t\tdata-src=\"https:\/\/www.puls200.de\/wp-content\/gallery\/westweg_etappe_6\/20170624_100601.jpg\"\n\t\t\t\tdata-thumbnail=\"https:\/\/www.puls200.de\/wp-content\/gallery\/westweg_etappe_6\/thumbs\/thumbs_20170624_100601.jpg\"\n\t\t\t\tdata-image-id=\"234\"\n\t\t\t\tdata-title=\"Einen trifft&#039;s immer\"\n\t\t\t\tdata-description=\"..wenn ich das vorher gewu\u00dft h\u00e4tte..\"\n\t\t\t\tdata-image-slug=\"20170624_100601\"\n\t\t\t\tclass='use_imagebrowser_effect' data-imagebrowser-url='https:\/\/www.puls200.de\/index.php\/nggallery\/image\/%STUB%?p=2422'>\n\t\t\t\t<img\n\t\t\t\t\ttitle=\"Einen trifft&#039;s immer\"\n\t\t\t\t\talt=\"Einen trifft&#039;s immer\"\n\t\t\t\t\tsrc=\"https:\/\/www.puls200.de\/wp-content\/gallery\/westweg_etappe_6\/thumbs\/thumbs_20170624_100601.jpg\"\n\t\t\t\t\twidth=\"120\"\n\t\t\t\t\theight=\"90\"\n\t\t\t\t\tstyle=\"max-width:100%;\"\n\t\t\t\t\/>\n\t\t\t<\/a>\n\t\t<\/div>\n\t\t\t\t\t\t\t<\/div> \n\t\t\t\n\t\t\n\t\t\t\t<div id=\"ngg-image-5\" class=\"ngg-gallery-thumbnail-box\" \n\t\t\t\t\t\t\t\t\t\t\t>\n\t\t\t\t\t\t<div class=\"ngg-gallery-thumbnail\">\n\t\t\t<a href=\"https:\/\/www.puls200.de\/wp-content\/gallery\/westweg_etappe_6\/20170624_103014.jpg\"\n\t\t\t\ttitle=\"Sehr gepflegte \u00dcbernachtungsgelegenheit!\"\n\t\t\t\tdata-src=\"https:\/\/www.puls200.de\/wp-content\/gallery\/westweg_etappe_6\/20170624_103014.jpg\"\n\t\t\t\tdata-thumbnail=\"https:\/\/www.puls200.de\/wp-content\/gallery\/westweg_etappe_6\/thumbs\/thumbs_20170624_103014.jpg\"\n\t\t\t\tdata-image-id=\"235\"\n\t\t\t\tdata-title=\"Farrenkopfh\u00fctte\"\n\t\t\t\tdata-description=\"Sehr gepflegte \u00dcbernachtungsgelegenheit!\"\n\t\t\t\tdata-image-slug=\"20170624_103014\"\n\t\t\t\tclass='use_imagebrowser_effect' data-imagebrowser-url='https:\/\/www.puls200.de\/index.php\/nggallery\/image\/%STUB%?p=2422'>\n\t\t\t\t<img\n\t\t\t\t\ttitle=\"Farrenkopfh\u00fctte\"\n\t\t\t\t\talt=\"Farrenkopfh\u00fctte\"\n\t\t\t\t\tsrc=\"https:\/\/www.puls200.de\/wp-content\/gallery\/westweg_etappe_6\/thumbs\/thumbs_20170624_103014.jpg\"\n\t\t\t\t\twidth=\"120\"\n\t\t\t\t\theight=\"90\"\n\t\t\t\t\tstyle=\"max-width:100%;\"\n\t\t\t\t\/>\n\t\t\t<\/a>\n\t\t<\/div>\n\t\t\t\t\t\t\t<\/div> \n\t\t\t\n\t\t\n\t\t\t\t<div id=\"ngg-image-6\" class=\"ngg-gallery-thumbnail-box\" \n\t\t\t\t\t\t\t\t\t\t\t>\n\t\t\t\t\t\t<div class=\"ngg-gallery-thumbnail\">\n\t\t\t<a href=\"https:\/\/www.puls200.de\/wp-content\/gallery\/westweg_etappe_6\/20170624_110015.jpg\"\n\t\t\t\ttitle=\"noch geht das\"\n\t\t\t\tdata-src=\"https:\/\/www.puls200.de\/wp-content\/gallery\/westweg_etappe_6\/20170624_110015.jpg\"\n\t\t\t\tdata-thumbnail=\"https:\/\/www.puls200.de\/wp-content\/gallery\/westweg_etappe_6\/thumbs\/thumbs_20170624_110015.jpg\"\n\t\t\t\tdata-image-id=\"236\"\n\t\t\t\tdata-title=\"Im Windradland\"\n\t\t\t\tdata-description=\"noch geht das\"\n\t\t\t\tdata-image-slug=\"20170624_110015\"\n\t\t\t\tclass='use_imagebrowser_effect' data-imagebrowser-url='https:\/\/www.puls200.de\/index.php\/nggallery\/image\/%STUB%?p=2422'>\n\t\t\t\t<img\n\t\t\t\t\ttitle=\"Im Windradland\"\n\t\t\t\t\talt=\"Im Windradland\"\n\t\t\t\t\tsrc=\"https:\/\/www.puls200.de\/wp-content\/gallery\/westweg_etappe_6\/thumbs\/thumbs_20170624_110015.jpg\"\n\t\t\t\t\twidth=\"120\"\n\t\t\t\t\theight=\"90\"\n\t\t\t\t\tstyle=\"max-width:100%;\"\n\t\t\t\t\/>\n\t\t\t<\/a>\n\t\t<\/div>\n\t\t\t\t\t\t\t<\/div> \n\t\t\t\n\t\t\n\t\t\t\t<div id=\"ngg-image-7\" class=\"ngg-gallery-thumbnail-box\" \n\t\t\t\t\t\t\t\t\t\t\t>\n\t\t\t\t\t\t<div class=\"ngg-gallery-thumbnail\">\n\t\t\t<a href=\"https:\/\/www.puls200.de\/wp-content\/gallery\/westweg_etappe_6\/20170624_110434.jpg\"\n\t\t\t\ttitle=\"Wupp wupp wupp wupp wupp\"\n\t\t\t\tdata-src=\"https:\/\/www.puls200.de\/wp-content\/gallery\/westweg_etappe_6\/20170624_110434.jpg\"\n\t\t\t\tdata-thumbnail=\"https:\/\/www.puls200.de\/wp-content\/gallery\/westweg_etappe_6\/thumbs\/thumbs_20170624_110434.jpg\"\n\t\t\t\tdata-image-id=\"237\"\n\t\t\t\tdata-title=\"\u00c4sthetik\"\n\t\t\t\tdata-description=\"Wupp wupp wupp wupp wupp\"\n\t\t\t\tdata-image-slug=\"20170624_110434\"\n\t\t\t\tclass='use_imagebrowser_effect' data-imagebrowser-url='https:\/\/www.puls200.de\/index.php\/nggallery\/image\/%STUB%?p=2422'>\n\t\t\t\t<img\n\t\t\t\t\ttitle=\"\u00c4sthetik\"\n\t\t\t\t\talt=\"\u00c4sthetik\"\n\t\t\t\t\tsrc=\"https:\/\/www.puls200.de\/wp-content\/gallery\/westweg_etappe_6\/thumbs\/thumbs_20170624_110434.jpg\"\n\t\t\t\t\twidth=\"120\"\n\t\t\t\t\theight=\"90\"\n\t\t\t\t\tstyle=\"max-width:100%;\"\n\t\t\t\t\/>\n\t\t\t<\/a>\n\t\t<\/div>\n\t\t\t\t\t\t\t<\/div> \n\t\t\t\n\t\t\n\t\t\t\t<div id=\"ngg-image-8\" class=\"ngg-gallery-thumbnail-box\" \n\t\t\t\t\t\t\t\t\t\t\t>\n\t\t\t\t\t\t<div class=\"ngg-gallery-thumbnail\">\n\t\t\t<a href=\"https:\/\/www.puls200.de\/wp-content\/gallery\/westweg_etappe_6\/20170624_121608.jpg\"\n\t\t\t\ttitle=\"Damit sollte klar sein warum ich meine, dass man hier den Weg ummarkieren m\u00fcsste.\"\n\t\t\t\tdata-src=\"https:\/\/www.puls200.de\/wp-content\/gallery\/westweg_etappe_6\/20170624_121608.jpg\"\n\t\t\t\tdata-thumbnail=\"https:\/\/www.puls200.de\/wp-content\/gallery\/westweg_etappe_6\/thumbs\/thumbs_20170624_121608.jpg\"\n\t\t\t\tdata-image-id=\"238\"\n\t\t\t\tdata-title=\"Fl\u00e4chenbedarf\"\n\t\t\t\tdata-description=\"Damit sollte klar sein warum ich meine, dass man hier den Weg ummarkieren m\u00fcsste.\"\n\t\t\t\tdata-image-slug=\"20170624_121608\"\n\t\t\t\tclass='use_imagebrowser_effect' data-imagebrowser-url='https:\/\/www.puls200.de\/index.php\/nggallery\/image\/%STUB%?p=2422'>\n\t\t\t\t<img\n\t\t\t\t\ttitle=\"Fl\u00e4chenbedarf\"\n\t\t\t\t\talt=\"Fl\u00e4chenbedarf\"\n\t\t\t\t\tsrc=\"https:\/\/www.puls200.de\/wp-content\/gallery\/westweg_etappe_6\/thumbs\/thumbs_20170624_121608.jpg\"\n\t\t\t\t\twidth=\"120\"\n\t\t\t\t\theight=\"90\"\n\t\t\t\t\tstyle=\"max-width:100%;\"\n\t\t\t\t\/>\n\t\t\t<\/a>\n\t\t<\/div>\n\t\t\t\t\t\t\t<\/div> \n\t\t\t\n\t\t\n\t\t\t\t<div id=\"ngg-image-9\" class=\"ngg-gallery-thumbnail-box\" \n\t\t\t\t\t\t\t\t\t\t\t>\n\t\t\t\t\t\t<div class=\"ngg-gallery-thumbnail\">\n\t\t\t<a href=\"https:\/\/www.puls200.de\/wp-content\/gallery\/westweg_etappe_6\/20170624_122854.jpg\"\n\t\t\t\ttitle=\"Sch\u00f6ne aber wacklige Angelegenheit\"\n\t\t\t\tdata-src=\"https:\/\/www.puls200.de\/wp-content\/gallery\/westweg_etappe_6\/20170624_122854.jpg\"\n\t\t\t\tdata-thumbnail=\"https:\/\/www.puls200.de\/wp-content\/gallery\/westweg_etappe_6\/thumbs\/thumbs_20170624_122854.jpg\"\n\t\t\t\tdata-image-id=\"239\"\n\t\t\t\tdata-title=\"Huberfelsen\"\n\t\t\t\tdata-description=\"Sch\u00f6ne aber wacklige Angelegenheit\"\n\t\t\t\tdata-image-slug=\"20170624_122854\"\n\t\t\t\tclass='use_imagebrowser_effect' data-imagebrowser-url='https:\/\/www.puls200.de\/index.php\/nggallery\/image\/%STUB%?p=2422'>\n\t\t\t\t<img\n\t\t\t\t\ttitle=\"Huberfelsen\"\n\t\t\t\t\talt=\"Huberfelsen\"\n\t\t\t\t\tsrc=\"https:\/\/www.puls200.de\/wp-content\/gallery\/westweg_etappe_6\/thumbs\/thumbs_20170624_122854.jpg\"\n\t\t\t\t\twidth=\"120\"\n\t\t\t\t\theight=\"90\"\n\t\t\t\t\tstyle=\"max-width:100%;\"\n\t\t\t\t\/>\n\t\t\t<\/a>\n\t\t<\/div>\n\t\t\t\t\t\t\t<\/div> \n\t\t\t\n\t\t\n\t\t\t\t<div id=\"ngg-image-10\" class=\"ngg-gallery-thumbnail-box\" \n\t\t\t\t\t\t\t\t\t\t\t>\n\t\t\t\t\t\t<div class=\"ngg-gallery-thumbnail\">\n\t\t\t<a href=\"https:\/\/www.puls200.de\/wp-content\/gallery\/westweg_etappe_6\/20170624_134056.jpg\"\n\t\t\t\ttitle=\"..noch sieht man was\"\n\t\t\t\tdata-src=\"https:\/\/www.puls200.de\/wp-content\/gallery\/westweg_etappe_6\/20170624_134056.jpg\"\n\t\t\t\tdata-thumbnail=\"https:\/\/www.puls200.de\/wp-content\/gallery\/westweg_etappe_6\/thumbs\/thumbs_20170624_134056.jpg\"\n\t\t\t\tdata-image-id=\"240\"\n\t\t\t\tdata-title=\"Karlsstein\"\n\t\t\t\tdata-description=\"..noch sieht man was\"\n\t\t\t\tdata-image-slug=\"20170624_134056\"\n\t\t\t\tclass='use_imagebrowser_effect' data-imagebrowser-url='https:\/\/www.puls200.de\/index.php\/nggallery\/image\/%STUB%?p=2422'>\n\t\t\t\t<img\n\t\t\t\t\ttitle=\"Karlsstein\"\n\t\t\t\t\talt=\"Karlsstein\"\n\t\t\t\t\tsrc=\"https:\/\/www.puls200.de\/wp-content\/gallery\/westweg_etappe_6\/thumbs\/thumbs_20170624_134056.jpg\"\n\t\t\t\t\twidth=\"120\"\n\t\t\t\t\theight=\"90\"\n\t\t\t\t\tstyle=\"max-width:100%;\"\n\t\t\t\t\/>\n\t\t\t<\/a>\n\t\t<\/div>\n\t\t\t\t\t\t\t<\/div> \n\t\t\t\n\t\t\n\t\t\t\t<div id=\"ngg-image-11\" class=\"ngg-gallery-thumbnail-box\" \n\t\t\t\t\t\t\t\t\t\t\t>\n\t\t\t\t\t\t<div class=\"ngg-gallery-thumbnail\">\n\t\t\t<a href=\"https:\/\/www.puls200.de\/wp-content\/gallery\/westweg_etappe_6\/20170624_135201.jpg\"\n\t\t\t\ttitle=\"\"\n\t\t\t\tdata-src=\"https:\/\/www.puls200.de\/wp-content\/gallery\/westweg_etappe_6\/20170624_135201.jpg\"\n\t\t\t\tdata-thumbnail=\"https:\/\/www.puls200.de\/wp-content\/gallery\/westweg_etappe_6\/thumbs\/thumbs_20170624_135201.jpg\"\n\t\t\t\tdata-image-id=\"241\"\n\t\t\t\tdata-title=\"&quot;Sch\u00f6ne Aussicht&quot;\"\n\t\t\t\tdata-description=\"\"\n\t\t\t\tdata-image-slug=\"20170624_135201\"\n\t\t\t\tclass='use_imagebrowser_effect' data-imagebrowser-url='https:\/\/www.puls200.de\/index.php\/nggallery\/image\/%STUB%?p=2422'>\n\t\t\t\t<img\n\t\t\t\t\ttitle=\"&quot;Sch\u00f6ne Aussicht&quot;\"\n\t\t\t\t\talt=\"&quot;Sch\u00f6ne Aussicht&quot;\"\n\t\t\t\t\tsrc=\"https:\/\/www.puls200.de\/wp-content\/gallery\/westweg_etappe_6\/thumbs\/thumbs_20170624_135201.jpg\"\n\t\t\t\t\twidth=\"120\"\n\t\t\t\t\theight=\"90\"\n\t\t\t\t\tstyle=\"max-width:100%;\"\n\t\t\t\t\/>\n\t\t\t<\/a>\n\t\t<\/div>\n\t\t\t\t\t\t\t<\/div> \n\t\t\t\n\t\t\n\t\t\t\t<div id=\"ngg-image-12\" class=\"ngg-gallery-thumbnail-box\" \n\t\t\t\t\t\t\t\t\t\t\t>\n\t\t\t\t\t\t<div class=\"ngg-gallery-thumbnail\">\n\t\t\t<a href=\"https:\/\/www.puls200.de\/wp-content\/gallery\/westweg_etappe_6\/20170624_141208.jpg\"\n\t\t\t\ttitle=\"Von unten bis oben 2-3m Waldameisen-Metropolis\"\n\t\t\t\tdata-src=\"https:\/\/www.puls200.de\/wp-content\/gallery\/westweg_etappe_6\/20170624_141208.jpg\"\n\t\t\t\tdata-thumbnail=\"https:\/\/www.puls200.de\/wp-content\/gallery\/westweg_etappe_6\/thumbs\/thumbs_20170624_141208.jpg\"\n\t\t\t\tdata-image-id=\"242\"\n\t\t\t\tdata-title=\"Gr\u00f6\u00dfter Haufen ever\"\n\t\t\t\tdata-description=\"Von unten bis oben 2-3m Waldameisen-Metropolis\"\n\t\t\t\tdata-image-slug=\"20170624_141208\"\n\t\t\t\tclass='use_imagebrowser_effect' data-imagebrowser-url='https:\/\/www.puls200.de\/index.php\/nggallery\/image\/%STUB%?p=2422'>\n\t\t\t\t<img\n\t\t\t\t\ttitle=\"Gr\u00f6\u00dfter Haufen ever\"\n\t\t\t\t\talt=\"Gr\u00f6\u00dfter Haufen ever\"\n\t\t\t\t\tsrc=\"https:\/\/www.puls200.de\/wp-content\/gallery\/westweg_etappe_6\/thumbs\/thumbs_20170624_141208.jpg\"\n\t\t\t\t\twidth=\"120\"\n\t\t\t\t\theight=\"90\"\n\t\t\t\t\tstyle=\"max-width:100%;\"\n\t\t\t\t\/>\n\t\t\t<\/a>\n\t\t<\/div>\n\t\t\t\t\t\t\t<\/div> \n\t\t\t\n\t\t\n\t\t\t\t<div id=\"ngg-image-13\" class=\"ngg-gallery-thumbnail-box\" \n\t\t\t\t\t\t\t\t\t\t\t>\n\t\t\t\t\t\t<div class=\"ngg-gallery-thumbnail\">\n\t\t\t<a href=\"https:\/\/www.puls200.de\/wp-content\/gallery\/westweg_etappe_6\/20170624_143927.jpg\"\n\t\t\t\ttitle=\"..findet man das Gl\u00fcck :)\"\n\t\t\t\tdata-src=\"https:\/\/www.puls200.de\/wp-content\/gallery\/westweg_etappe_6\/20170624_143927.jpg\"\n\t\t\t\tdata-thumbnail=\"https:\/\/www.puls200.de\/wp-content\/gallery\/westweg_etappe_6\/thumbs\/thumbs_20170624_143927.jpg\"\n\t\t\t\tdata-image-id=\"243\"\n\t\t\t\tdata-title=\"So und nicht anders\"\n\t\t\t\tdata-description=\"..findet man das Gl\u00fcck :)\"\n\t\t\t\tdata-image-slug=\"20170624_143927\"\n\t\t\t\tclass='use_imagebrowser_effect' data-imagebrowser-url='https:\/\/www.puls200.de\/index.php\/nggallery\/image\/%STUB%?p=2422'>\n\t\t\t\t<img\n\t\t\t\t\ttitle=\"So und nicht anders\"\n\t\t\t\t\talt=\"So und nicht anders\"\n\t\t\t\t\tsrc=\"https:\/\/www.puls200.de\/wp-content\/gallery\/westweg_etappe_6\/thumbs\/thumbs_20170624_143927.jpg\"\n\t\t\t\t\twidth=\"120\"\n\t\t\t\t\theight=\"90\"\n\t\t\t\t\tstyle=\"max-width:100%;\"\n\t\t\t\t\/>\n\t\t\t<\/a>\n\t\t<\/div>\n\t\t\t\t\t\t\t<\/div> \n\t\t\t\n\t\t\n\t\t\t\t<div id=\"ngg-image-14\" class=\"ngg-gallery-thumbnail-box\" \n\t\t\t\t\t\t\t\t\t\t\t>\n\t\t\t\t\t\t<div class=\"ngg-gallery-thumbnail\">\n\t\t\t<a href=\"https:\/\/www.puls200.de\/wp-content\/gallery\/westweg_etappe_6\/20170624_155532.jpg\"\n\t\t\t\ttitle=\"..hier gehts zu Level 2\"\n\t\t\t\tdata-src=\"https:\/\/www.puls200.de\/wp-content\/gallery\/westweg_etappe_6\/20170624_155532.jpg\"\n\t\t\t\tdata-thumbnail=\"https:\/\/www.puls200.de\/wp-content\/gallery\/westweg_etappe_6\/thumbs\/thumbs_20170624_155532.jpg\"\n\t\t\t\tdata-image-id=\"244\"\n\t\t\t\tdata-title=\"Portal\"\n\t\t\t\tdata-description=\"..hier gehts zu Level 2\"\n\t\t\t\tdata-image-slug=\"20170624_155532\"\n\t\t\t\tclass='use_imagebrowser_effect' data-imagebrowser-url='https:\/\/www.puls200.de\/index.php\/nggallery\/image\/%STUB%?p=2422'>\n\t\t\t\t<img\n\t\t\t\t\ttitle=\"Portal\"\n\t\t\t\t\talt=\"Portal\"\n\t\t\t\t\tsrc=\"https:\/\/www.puls200.de\/wp-content\/gallery\/westweg_etappe_6\/thumbs\/thumbs_20170624_155532.jpg\"\n\t\t\t\t\twidth=\"120\"\n\t\t\t\t\theight=\"90\"\n\t\t\t\t\tstyle=\"max-width:100%;\"\n\t\t\t\t\/>\n\t\t\t<\/a>\n\t\t<\/div>\n\t\t\t\t\t\t\t<\/div> \n\t\t\t\n\t\t\n\t\t\t\t<div id=\"ngg-image-15\" class=\"ngg-gallery-thumbnail-box\" \n\t\t\t\t\t\t\t\t\t\t\t>\n\t\t\t\t\t\t<div class=\"ngg-gallery-thumbnail\">\n\t\t\t<a href=\"https:\/\/www.puls200.de\/wp-content\/gallery\/westweg_etappe_6\/20170624_155658.jpg\"\n\t\t\t\ttitle=\"Hier war ein M\u00e4h-K\u00fcnstler am Werk\"\n\t\t\t\tdata-src=\"https:\/\/www.puls200.de\/wp-content\/gallery\/westweg_etappe_6\/20170624_155658.jpg\"\n\t\t\t\tdata-thumbnail=\"https:\/\/www.puls200.de\/wp-content\/gallery\/westweg_etappe_6\/thumbs\/thumbs_20170624_155658.jpg\"\n\t\t\t\tdata-image-id=\"245\"\n\t\t\t\tdata-title=\"Landschaft ver\u00e4ndert sich langsam\"\n\t\t\t\tdata-description=\"Hier war ein M\u00e4h-K\u00fcnstler am Werk\"\n\t\t\t\tdata-image-slug=\"20170624_155658\"\n\t\t\t\tclass='use_imagebrowser_effect' data-imagebrowser-url='https:\/\/www.puls200.de\/index.php\/nggallery\/image\/%STUB%?p=2422'>\n\t\t\t\t<img\n\t\t\t\t\ttitle=\"Landschaft ver\u00e4ndert sich langsam\"\n\t\t\t\t\talt=\"Landschaft ver\u00e4ndert sich langsam\"\n\t\t\t\t\tsrc=\"https:\/\/www.puls200.de\/wp-content\/gallery\/westweg_etappe_6\/thumbs\/thumbs_20170624_155658.jpg\"\n\t\t\t\t\twidth=\"120\"\n\t\t\t\t\theight=\"90\"\n\t\t\t\t\tstyle=\"max-width:100%;\"\n\t\t\t\t\/>\n\t\t\t<\/a>\n\t\t<\/div>\n\t\t\t\t\t\t\t<\/div> \n\t\t\t\n\t\t\n\t\t\t\t<div id=\"ngg-image-16\" class=\"ngg-gallery-thumbnail-box\" \n\t\t\t\t\t\t\t\t\t\t\t>\n\t\t\t\t\t\t<div class=\"ngg-gallery-thumbnail\">\n\t\t\t<a href=\"https:\/\/www.puls200.de\/wp-content\/gallery\/westweg_etappe_6\/20170624_161336.jpg\"\n\t\t\t\ttitle=\"..aber ich hatte schon ein St\u00fcck?!\"\n\t\t\t\tdata-src=\"https:\/\/www.puls200.de\/wp-content\/gallery\/westweg_etappe_6\/20170624_161336.jpg\"\n\t\t\t\tdata-thumbnail=\"https:\/\/www.puls200.de\/wp-content\/gallery\/westweg_etappe_6\/thumbs\/thumbs_20170624_161336.jpg\"\n\t\t\t\tdata-image-id=\"246\"\n\t\t\t\tdata-title=\"Klare Ansage\"\n\t\t\t\tdata-description=\"..aber ich hatte schon ein St\u00fcck?!\"\n\t\t\t\tdata-image-slug=\"20170624_161336\"\n\t\t\t\tclass='use_imagebrowser_effect' data-imagebrowser-url='https:\/\/www.puls200.de\/index.php\/nggallery\/image\/%STUB%?p=2422'>\n\t\t\t\t<img\n\t\t\t\t\ttitle=\"Klare Ansage\"\n\t\t\t\t\talt=\"Klare Ansage\"\n\t\t\t\t\tsrc=\"https:\/\/www.puls200.de\/wp-content\/gallery\/westweg_etappe_6\/thumbs\/thumbs_20170624_161336.jpg\"\n\t\t\t\t\twidth=\"120\"\n\t\t\t\t\theight=\"90\"\n\t\t\t\t\tstyle=\"max-width:100%;\"\n\t\t\t\t\/>\n\t\t\t<\/a>\n\t\t<\/div>\n\t\t\t\t\t\t\t<\/div> \n\t\t\t\n\t\t\n\t\t\t\t<div id=\"ngg-image-17\" class=\"ngg-gallery-thumbnail-box\" \n\t\t\t\t\t\t\t\t\t\t\t>\n\t\t\t\t\t\t<div class=\"ngg-gallery-thumbnail\">\n\t\t\t<a href=\"https:\/\/www.puls200.de\/wp-content\/gallery\/westweg_etappe_6\/20170624_161702.jpg\"\n\t\t\t\ttitle=\"\"\n\t\t\t\tdata-src=\"https:\/\/www.puls200.de\/wp-content\/gallery\/westweg_etappe_6\/20170624_161702.jpg\"\n\t\t\t\tdata-thumbnail=\"https:\/\/www.puls200.de\/wp-content\/gallery\/westweg_etappe_6\/thumbs\/thumbs_20170624_161702.jpg\"\n\t\t\t\tdata-image-id=\"247\"\n\t\t\t\tdata-title=\"Einfach nur herrlich\"\n\t\t\t\tdata-description=\"\"\n\t\t\t\tdata-image-slug=\"20170624_161702\"\n\t\t\t\tclass='use_imagebrowser_effect' data-imagebrowser-url='https:\/\/www.puls200.de\/index.php\/nggallery\/image\/%STUB%?p=2422'>\n\t\t\t\t<img\n\t\t\t\t\ttitle=\"Einfach nur herrlich\"\n\t\t\t\t\talt=\"Einfach nur herrlich\"\n\t\t\t\t\tsrc=\"https:\/\/www.puls200.de\/wp-content\/gallery\/westweg_etappe_6\/thumbs\/thumbs_20170624_161702.jpg\"\n\t\t\t\t\twidth=\"120\"\n\t\t\t\t\theight=\"90\"\n\t\t\t\t\tstyle=\"max-width:100%;\"\n\t\t\t\t\/>\n\t\t\t<\/a>\n\t\t<\/div>\n\t\t\t\t\t\t\t<\/div> \n\t\t\t\n\t\t\n\t\t\t\t<div id=\"ngg-image-18\" class=\"ngg-gallery-thumbnail-box\" \n\t\t\t\t\t\t\t\t\t\t\t>\n\t\t\t\t\t\t<div class=\"ngg-gallery-thumbnail\">\n\t\t\t<a href=\"https:\/\/www.puls200.de\/wp-content\/gallery\/westweg_etappe_6\/20170624_162114.jpg\"\n\t\t\t\ttitle=\"..man ist der Stadt n\u00e4her als man denkt..\"\n\t\t\t\tdata-src=\"https:\/\/www.puls200.de\/wp-content\/gallery\/westweg_etappe_6\/20170624_162114.jpg\"\n\t\t\t\tdata-thumbnail=\"https:\/\/www.puls200.de\/wp-content\/gallery\/westweg_etappe_6\/thumbs\/thumbs_20170624_162114.jpg\"\n\t\t\t\tdata-image-id=\"248\"\n\t\t\t\tdata-title=\"Blick Richtung Schonach\"\n\t\t\t\tdata-description=\"..man ist der Stadt n\u00e4her als man denkt..\"\n\t\t\t\tdata-image-slug=\"20170624_162114\"\n\t\t\t\tclass='use_imagebrowser_effect' data-imagebrowser-url='https:\/\/www.puls200.de\/index.php\/nggallery\/image\/%STUB%?p=2422'>\n\t\t\t\t<img\n\t\t\t\t\ttitle=\"Blick Richtung Schonach\"\n\t\t\t\t\talt=\"Blick Richtung Schonach\"\n\t\t\t\t\tsrc=\"https:\/\/www.puls200.de\/wp-content\/gallery\/westweg_etappe_6\/thumbs\/thumbs_20170624_162114.jpg\"\n\t\t\t\t\twidth=\"120\"\n\t\t\t\t\theight=\"90\"\n\t\t\t\t\tstyle=\"max-width:100%;\"\n\t\t\t\t\/>\n\t\t\t<\/a>\n\t\t<\/div>\n\t\t\t\t\t\t\t<\/div> \n\t\t\t\n\t\t\n\t\t\t\t<div id=\"ngg-image-19\" class=\"ngg-gallery-thumbnail-box\" \n\t\t\t\t\t\t\t\t\t\t\t>\n\t\t\t\t\t\t<div class=\"ngg-gallery-thumbnail\">\n\t\t\t<a href=\"https:\/\/www.puls200.de\/wp-content\/gallery\/westweg_etappe_6\/20170624_181627.jpg\"\n\t\t\t\ttitle=\"Die Dame hat mir im Dunkeln einen sch\u00f6nen Schrecken eingejagt\"\n\t\t\t\tdata-src=\"https:\/\/www.puls200.de\/wp-content\/gallery\/westweg_etappe_6\/20170624_181627.jpg\"\n\t\t\t\tdata-thumbnail=\"https:\/\/www.puls200.de\/wp-content\/gallery\/westweg_etappe_6\/thumbs\/thumbs_20170624_181627.jpg\"\n\t\t\t\tdata-image-id=\"249\"\n\t\t\t\tdata-title=\"Stilsichere Inneneinrichtung Wilhelmsh\u00f6he\"\n\t\t\t\tdata-description=\"Die Dame hat mir im Dunkeln einen sch\u00f6nen Schrecken eingejagt\"\n\t\t\t\tdata-image-slug=\"20170624_181627\"\n\t\t\t\tclass='use_imagebrowser_effect' data-imagebrowser-url='https:\/\/www.puls200.de\/index.php\/nggallery\/image\/%STUB%?p=2422'>\n\t\t\t\t<img\n\t\t\t\t\ttitle=\"Stilsichere Inneneinrichtung Wilhelmsh\u00f6he\"\n\t\t\t\t\talt=\"Stilsichere Inneneinrichtung Wilhelmsh\u00f6he\"\n\t\t\t\t\tsrc=\"https:\/\/www.puls200.de\/wp-content\/gallery\/westweg_etappe_6\/thumbs\/thumbs_20170624_181627.jpg\"\n\t\t\t\t\twidth=\"120\"\n\t\t\t\t\theight=\"90\"\n\t\t\t\t\tstyle=\"max-width:100%;\"\n\t\t\t\t\/>\n\t\t\t<\/a>\n\t\t<\/div>\n\t\t\t\t\t\t\t<\/div> \n\t\t\t\n\t\t\n\t\t\n\t\t<!-- Pagination -->\n\t\t<div class='ngg-clear'><\/div>\t<\/div>\n<br \/>\n.<\/p>\n\n\n\t\t\t\t<div id=\"map_ol3js_1\" class=\"map undefined\" data-map_name=\"undefined\" data-map=\"map_ol3js_1\" style=\"width:100%; max-width:100%; height:450px; display:block; overflow:hidden;border:2px solid grey;\" >\n\t\t\t\t  <div id=\"map_ol3js_1_popup\" class=\"ol-popup\" >\n\t\t\t\t\t<a href=\"#\" id=\"map_ol3js_1_popup-closer\" class=\"ol-popup-closer\"><\/a>\n\t\t\t\t\t<div id=\"map_ol3js_1_popup-content\" ><\/div>\n\t\t\t\t  <\/div>\n\t\t\t\t<\/div>\n\t\t\t\n\t\t\t\t<link rel=\"stylesheet\" href=\"https:\/\/www.puls200.de\/wp-content\/plugins\/osm\/js\/OL\/7.1.0\/ol.css?ver=7.1.0\" type=\"text\/css\">\n\t\t\t\t<link rel=\"stylesheet\" href=\"https:\/\/www.puls200.de\/wp-content\/plugins\/osm\/css\/osm_map_v3.css?ver=1.0.0\" type=\"text\/css\">\n\t\t\t\t<link rel=\"stylesheet\" href=\"https:\/\/www.puls200.de\/wp-content\/plugins\/osm\/css\/osm_map.css?ver=1.0.0\" type=\"text\/css\">\n\t\t\t\t<!-- The line below is only needed for old environments like Internet Explorer and Android 4.x -->\n                                <script src=\"https:\/\/www.puls200.de\/wp-content\/plugins\/osm\/js\/polyfill\/v2\/polyfill.min.js?features=requestAnimationFrame,Element.prototype.classList,URL\"><\/script>\n\n\t\t\t\t<script src=\"https:\/\/www.puls200.de\/wp-content\/plugins\/osm\/js\/OL\/7.1.0\/ol.js?ver=7.1.0\" type=\"text\/javascript\"><\/script>\n\t\t\t\t<script src=\"https:\/\/www.puls200.de\/wp-content\/plugins\/osm\/js\/osm-v3-plugin-lib.js?ver=1.0.0\" type=\"text\/javascript\"><\/script>\n\t\t\t\t<script src=\"https:\/\/www.puls200.de\/wp-content\/plugins\/osm\/js\/osm-metabox-events.js?ver=1.0.0\" type=\"text\/javascript\"><\/script>\n\t\t\t\t<script src=\"https:\/\/www.puls200.de\/wp-content\/plugins\/osm\/js\/osm-startup-lib.js\" type=\"text\/javascript\"><\/script>\n\t\t\t\t<script type=\"text\/javascript\">\n\t\t\t\t\ttranslations['openlayer'] = \"open layer\";\n\t\t\t\t\ttranslations['openlayerAtStartup'] = \"open layer at startup\";\n\t\t\t\t\ttranslations['generateLink'] = \"link to this map with opened layers\";\n\t\t\t\t\ttranslations['shortDescription'] = \"short description\";\n\t\t\t\t\ttranslations['generatedShortCode'] = \"to get a text control link paste this code in your wordpress editor\";\n\t\t\t\t\ttranslations['closeLayer'] = \"close layer\";\n\t\t\t\t\ttranslations['cantGenerateLink'] = \"put this string in the existing map short code to control this map\";\n\t\t\t  <\/script>\n\n\n\t\t\t  <script type=\"text\/javascript\">\n\t\t\t  vectorM['map_ol3js_1'] = [];\n\t        \n        var raster = getTileLayer(\"osm\",\"NoKey\");\t\t\t\n\n\t\t\t  var map_ol3js_1 = new ol.Map({\n\t\t\t\tinteractions: ol.interaction.defaults.defaults({mouseWheelZoom:false}),\n\t\t\t\tlayers: [raster],\n\t\t\t\ttarget: \"map_ol3js_1\",\n\t\t\t\tview: new ol.View({\n\t\t\t\t  center: ol.proj.transform([8.218,48.164], \"EPSG:4326\", \"EPSG:3857\"),\n\t\t\t\t  zoom: 11\n\t\t\t\t})\n\t\t\t  });\n\t\t\t  \n    var style0 = {\n      \"Point\": [new ol.style.Style({\n\n          image: new ol.style.Icon({\n            anchor: [0.5, 41],\n            anchorXUnits: \"fraction\",\n            anchorYUnits: \"pixels\",\n            opacity: 0.75,\n            src: \"https:\/\/www.puls200.de\/wp-content\/plugins\/osm\/icons\/mic_blue_pinother_02.png\"\n          })\n      })],\n\n      \"LineString\": [new ol.style.Style({\n        stroke: new ol.style.Stroke({\n          color: \"orange\",\n          width: 8\n        })\n      })],\n      \"MultiLineString\": [new ol.style.Style({\n        stroke: new ol.style.Stroke({\n          color: \"orange\",\n          width: 4\n        })\n      })]\n    };\n\t\t  vectorL0 = new ol.layer.Vector({\n\n\t\t\tsource: new ol.source.Vector({\n\t\t  url:\"..\/..\/..\/..\/..\/gpx\/20170624-084619.kml\",\n\t\t\t  format: new ol.format.KML({ showPointNames: false})\n\t\t\t}),\n         zIndex: 92\n\t\t  });map_ol3js_1.addLayer(vectorL0);addControls2Map(map_ol3js_1,0,0,3,0,5,6,7,0,1);\nosm_addPopupClickhandler(map_ol3js_1,  \"map_ol3js_1\"); \nosm_addMouseHover(map_ol3js_1); <\/script>\n","protected":false},"excerpt":{"rendered":"<p>Samstag, 24.6. 2017 Am Morgen ist der Himmel &#8211; oh Wunder &#8211; bedeckt, als ich aus dem Fenster schaue. Es sollte zwar nicht regnen an diesem Tag, aber immer wieder ziehen Wolken durch, so dass es nicht mehr ganz so &hellip; <a href=\"https:\/\/www.puls200.de\/?p=2422\">Continue reading <span class=\"meta-nav\">&rarr;<\/span><\/a><\/p>\n","protected":false},"author":1,"featured_media":0,"comment_status":"open","ping_status":"open","sticky":false,"template":"","format":"standard","meta":{"ngg_post_thumbnail":0},"categories":[21],"tags":[63,62],"_links":{"self":[{"href":"https:\/\/www.puls200.de\/index.php?rest_route=\/wp\/v2\/posts\/2422"}],"collection":[{"href":"https:\/\/www.puls200.de\/index.php?rest_route=\/wp\/v2\/posts"}],"about":[{"href":"https:\/\/www.puls200.de\/index.php?rest_route=\/wp\/v2\/types\/post"}],"author":[{"embeddable":true,"href":"https:\/\/www.puls200.de\/index.php?rest_route=\/wp\/v2\/users\/1"}],"replies":[{"embeddable":true,"href":"https:\/\/www.puls200.de\/index.php?rest_route=%2Fwp%2Fv2%2Fcomments&post=2422"}],"version-history":[{"count":4,"href":"https:\/\/www.puls200.de\/index.php?rest_route=\/wp\/v2\/posts\/2422\/revisions"}],"predecessor-version":[{"id":2470,"href":"https:\/\/www.puls200.de\/index.php?rest_route=\/wp\/v2\/posts\/2422\/revisions\/2470"}],"wp:attachment":[{"href":"https:\/\/www.puls200.de\/index.php?rest_route=%2Fwp%2Fv2%2Fmedia&parent=2422"}],"wp:term":[{"taxonomy":"category","embeddable":true,"href":"https:\/\/www.puls200.de\/index.php?rest_route=%2Fwp%2Fv2%2Fcategories&post=2422"},{"taxonomy":"post_tag","embeddable":true,"href":"https:\/\/www.puls200.de\/index.php?rest_route=%2Fwp%2Fv2%2Ftags&post=2422"}],"curies":[{"name":"wp","href":"https:\/\/api.w.org\/{rel}","templated":true}]}}