

{"id":2197,"date":"2017-06-28T07:11:33","date_gmt":"2017-06-28T06:11:33","guid":{"rendered":"http:\/\/www.puls200.de\/?p=2197"},"modified":"2017-06-28T08:24:51","modified_gmt":"2017-06-28T07:24:51","slug":"westweg-etappe-2-dobel-forbach","status":"publish","type":"post","link":"https:\/\/www.puls200.de\/?p=2197","title":{"rendered":"Westweg Etappe 2: Dobel-Forbach"},"content":{"rendered":"<p><strong>Dienstag, 20.6.2017<\/strong><br \/>\nAufstehen mit den Handwerkern: Kein Problem, wenn man am Abend zuvor fr\u00fch umgekippt ist. Das Fr\u00fchst\u00fcck ist etwas spartanisch, wird aber durch die illustre Runde in der Gaststube mehr als wett gemacht. Zwei weitere Wanderfrauen sitzen querab, wir gr\u00fc\u00dfen als ich gehe. Ich sehe die beiden am Abend wieder, sie haben dasselbe Ziel. Fr\u00fch gehe ich durch das \"Sonnentor\" in Dobel, das diesmal seinem Namen alle Ehre macht. Der Weg ist zun\u00e4chst richtig sch\u00f6n: \u00dcber Waldwege, dann auf Forstwegen entlang der westlichen Kante des Bergr\u00fcckens: Famose Aussichten, es h\u00f6rt gar nicht mehr auf. Bevor Kaltenbronn erreicht ist, allerdings sehr lange Abschnitte \"Waldautobahn\": Forstweg mit beidseitig, ca. 5m breitem gerodeten Streifen. Schatten: 0%. Das geht bei 30\u00b0+ langsam auf die Nerven und noch mehr auf den Wasserverbrauch. In Kaltenbronn dann noch eine kleine Entt\u00e4uschung: Betriebsferien! Ich hatte so auf ein Schorle mit einem St\u00fcck Kuchen spekuliert. Stattdessen wird Mitgebrachtes verzehrt: Dann wird immerhin der Rucksack leichter. Diesen zweiten Tag habe ich richtig schwer zu tragen, das Ding auf meinem R\u00fccken scheint ein immenses Gewicht zu haben. Sp\u00e4ter zu war das allerdings \u00fcberhaupt kein Problem mehr. Hinter Kaltenbronn geht es kurz steil bergan, bis das Hochmoor mit dem Hohloh-See auf Bretterwegen durchquert wird. Tiere sind keine zu sehen, die haben heute anscheinend hitzefrei. Nach einer kleinen Schotterpiste erreicht man den Hohloh-Turm. Beim letzten Mal war die Spitze im Nebel, aber diesmal gehe ich rauf, es erwartet mich eine gigantische 360\u00b0 Aussicht \u00fcber den Nordschwarzwald. Ph\u00e4nomenal! Im Westen sehe ich schon den Turm auf der Badener H\u00f6he, das ist mein morgiges Ziel. Abgestiegen, getrunken, geht es auf Waldautobahnen weiter, bis der Abstieg Richtung Forbach am Latschigfelsen beginnt. Ein P\u00e4rchen auf R\u00e4dern hat sich verirrt: Sie m\u00f6chten nach Forbach. Ich empfehle die breite Forstautobahn, sie sehen aber nur das Schild \"Forbach\" auf dem Westweg. Ich erkl\u00e4re ihnen, dass der Weg etwas weiter h\u00f6chstens noch f\u00fcr ge\u00fcbte Downhill-Profis befahrbar ist, sie riskieren es trotzdem. Wie nicht anders zu erwarten, treffe ich die beiden ein paar Kehren weiter wieder, inzwischen entnervt aber immerhin meiner Meinung, was den Weg angeht. Mit Hilfe der Karte auf meinem Handy kann ich sie schlie\u00dflich auf eine weitere Forstautobahn lotsen und sie entschwinden. Der Abstieg wird jetzt richtig steil und es geht ans Eingemachte: Wasser verbraucht, Fu\u00dfsohlen brennen, Knie butterweich und es ist knalle hei\u00df. Ich lasse es langsam angehen. Als ich unten endlich aus dem Wald komme, erkenne ich das kleine Hexenbr\u00fcnnele wieder. Die Oase!! Klappe auf, Kopf drunter, es ist einfach herrlich. Trotz sehr m\u00fcder Beine kann ich jetzt in aller Ruhe nach Forbach eintrudeln. Am Bahnhof treffe ich kurioserweise meine Radfahrer wieder und bin erleichtert, dass sie dem dunklen Forst entronnen sind. Das Moor auf 1000m H\u00f6he, Forbach auf 330m bedeutet einen fast alpinen Abstieg. Mit 27,6km war es heute nicht ganz so weit, aber der gestrige Tag steckt mir noch etwas in den Knochen. Ich erreiche meine Herberge \"Hotel-Pension Am M\u00fchlbach\" und stolpere unter die Dusche. Zisch! Sp\u00e4ter raffe ich mich noch einmal hoch, erkunde den Ort mit seiner v\u00f6llig \u00fcberdimensionierten katholischen Kirche, hole eine weitere Eistee-Plastikflasche aus dem Supermarkt und esse sehr lecker auf der Terrasse einer etwas spelunkig wirkenden Gastst\u00e4tte \"Zum Adler\". Dieses Ereignis wird durch das Eintreffen einer englischen Motorradgruppe noch etwas angew\u00fcrzt: Unterhaltung pur!<br \/>\n\u00dcbrigens: Meine Bef\u00fcrchtung, auf dem Weg v\u00f6llig zu vereinsamen und nicht zu wissen, was man den Abend \u00fcber anstellen soll hat sich als v\u00f6llig unbegr\u00fcndet herausgestellt. Zum einen kommt man st\u00e4ndig mit Leuten ins Gespr\u00e4ch, zum anderen ist so ein Abend auch nicht so lang, wenn man nach dem Essen mit dem Wachbleiben k\u00e4mpft.<\/p>\n<!-- index.php -->\n<div\n\tclass=\"ngg-galleryoverview\n\t\t\"\n\tid=\"ngg-gallery-ad6e484b6655cdff6ffdb564b722d37c-1\">\n\n\t\t<div class=\"slideshowlink\">\n\t\t<a href='https:\/\/www.puls200.de\/index.php\/nggallery\/slideshow?p=2197'>&#091;Show slideshow&#093;<\/a>\n\t\t\n\t<\/div>\n\t\t\t<!-- Thumbnails -->\n\t\t\t\t<div id=\"ngg-image-0\" class=\"ngg-gallery-thumbnail-box\" \n\t\t\t\t\t\t\t\t\t\t\t>\n\t\t\t\t\t\t<div class=\"ngg-gallery-thumbnail\">\n\t\t\t<a href=\"https:\/\/www.puls200.de\/wp-content\/gallery\/westweg_etappe_2\/20170620_074242.jpg\"\n\t\t\t\ttitle=\"Golden nur im Sonnenlicht..\"\n\t\t\t\tdata-src=\"https:\/\/www.puls200.de\/wp-content\/gallery\/westweg_etappe_2\/20170620_074242.jpg\"\n\t\t\t\tdata-thumbnail=\"https:\/\/www.puls200.de\/wp-content\/gallery\/westweg_etappe_2\/thumbs\/thumbs_20170620_074242.jpg\"\n\t\t\t\tdata-image-id=\"146\"\n\t\t\t\tdata-title=\"Das Tor in Dobel\"\n\t\t\t\tdata-description=\"Golden nur im Sonnenlicht..\"\n\t\t\t\tdata-image-slug=\"20170620_074242\"\n\t\t\t\tclass='use_imagebrowser_effect' data-imagebrowser-url='https:\/\/www.puls200.de\/index.php\/nggallery\/image\/%STUB%?p=2197'>\n\t\t\t\t<img\n\t\t\t\t\ttitle=\"Das Tor in Dobel\"\n\t\t\t\t\talt=\"Das Tor in Dobel\"\n\t\t\t\t\tsrc=\"https:\/\/www.puls200.de\/wp-content\/gallery\/westweg_etappe_2\/thumbs\/thumbs_20170620_074242.jpg\"\n\t\t\t\t\twidth=\"120\"\n\t\t\t\t\theight=\"90\"\n\t\t\t\t\tstyle=\"max-width:100%;\"\n\t\t\t\t\/>\n\t\t\t<\/a>\n\t\t<\/div>\n\t\t\t\t\t\t\t<\/div> \n\t\t\t\n\t\t\n\t\t\t\t<div id=\"ngg-image-1\" class=\"ngg-gallery-thumbnail-box\" \n\t\t\t\t\t\t\t\t\t\t\t>\n\t\t\t\t\t\t<div class=\"ngg-gallery-thumbnail\">\n\t\t\t<a href=\"https:\/\/www.puls200.de\/wp-content\/gallery\/westweg_etappe_2\/20170620_074656.jpg\"\n\t\t\t\ttitle=\"..hatte um die Zeit noch nicht auf\"\n\t\t\t\tdata-src=\"https:\/\/www.puls200.de\/wp-content\/gallery\/westweg_etappe_2\/20170620_074656.jpg\"\n\t\t\t\tdata-thumbnail=\"https:\/\/www.puls200.de\/wp-content\/gallery\/westweg_etappe_2\/thumbs\/thumbs_20170620_074656.jpg\"\n\t\t\t\tdata-image-id=\"147\"\n\t\t\t\tdata-title=\"Dobel Aussichtsturm\"\n\t\t\t\tdata-description=\"..hatte um die Zeit noch nicht auf\"\n\t\t\t\tdata-image-slug=\"20170620_074656\"\n\t\t\t\tclass='use_imagebrowser_effect' data-imagebrowser-url='https:\/\/www.puls200.de\/index.php\/nggallery\/image\/%STUB%?p=2197'>\n\t\t\t\t<img\n\t\t\t\t\ttitle=\"Dobel Aussichtsturm\"\n\t\t\t\t\talt=\"Dobel Aussichtsturm\"\n\t\t\t\t\tsrc=\"https:\/\/www.puls200.de\/wp-content\/gallery\/westweg_etappe_2\/thumbs\/thumbs_20170620_074656.jpg\"\n\t\t\t\t\twidth=\"120\"\n\t\t\t\t\theight=\"90\"\n\t\t\t\t\tstyle=\"max-width:100%;\"\n\t\t\t\t\/>\n\t\t\t<\/a>\n\t\t<\/div>\n\t\t\t\t\t\t\t<\/div> \n\t\t\t\n\t\t\n\t\t\t\t<div id=\"ngg-image-2\" class=\"ngg-gallery-thumbnail-box\" \n\t\t\t\t\t\t\t\t\t\t\t>\n\t\t\t\t\t\t<div class=\"ngg-gallery-thumbnail\">\n\t\t\t<a href=\"https:\/\/www.puls200.de\/wp-content\/gallery\/westweg_etappe_2\/20170620_075434.jpg\"\n\t\t\t\ttitle=\"(obwohl allein im Wald)\"\n\t\t\t\tdata-src=\"https:\/\/www.puls200.de\/wp-content\/gallery\/westweg_etappe_2\/20170620_075434.jpg\"\n\t\t\t\tdata-thumbnail=\"https:\/\/www.puls200.de\/wp-content\/gallery\/westweg_etappe_2\/thumbs\/thumbs_20170620_075434.jpg\"\n\t\t\t\tdata-image-id=\"148\"\n\t\t\t\tdata-title=\"B\u00e4r im Gl\u00fcck\"\n\t\t\t\tdata-description=\"(obwohl allein im Wald)\"\n\t\t\t\tdata-image-slug=\"20170620_075434\"\n\t\t\t\tclass='use_imagebrowser_effect' data-imagebrowser-url='https:\/\/www.puls200.de\/index.php\/nggallery\/image\/%STUB%?p=2197'>\n\t\t\t\t<img\n\t\t\t\t\ttitle=\"B\u00e4r im Gl\u00fcck\"\n\t\t\t\t\talt=\"B\u00e4r im Gl\u00fcck\"\n\t\t\t\t\tsrc=\"https:\/\/www.puls200.de\/wp-content\/gallery\/westweg_etappe_2\/thumbs\/thumbs_20170620_075434.jpg\"\n\t\t\t\t\twidth=\"120\"\n\t\t\t\t\theight=\"90\"\n\t\t\t\t\tstyle=\"max-width:100%;\"\n\t\t\t\t\/>\n\t\t\t<\/a>\n\t\t<\/div>\n\t\t\t\t\t\t\t<\/div> \n\t\t\t\n\t\t\n\t\t\t\t<div id=\"ngg-image-3\" class=\"ngg-gallery-thumbnail-box\" \n\t\t\t\t\t\t\t\t\t\t\t>\n\t\t\t\t\t\t<div class=\"ngg-gallery-thumbnail\">\n\t\t\t<a href=\"https:\/\/www.puls200.de\/wp-content\/gallery\/westweg_etappe_2\/20170620_090614.jpg\"\n\t\t\t\ttitle=\"Richtung Bad Herrenalb\"\n\t\t\t\tdata-src=\"https:\/\/www.puls200.de\/wp-content\/gallery\/westweg_etappe_2\/20170620_090614.jpg\"\n\t\t\t\tdata-thumbnail=\"https:\/\/www.puls200.de\/wp-content\/gallery\/westweg_etappe_2\/thumbs\/thumbs_20170620_090614.jpg\"\n\t\t\t\tdata-image-id=\"149\"\n\t\t\t\tdata-title=\"Fernsicht\"\n\t\t\t\tdata-description=\"Richtung Bad Herrenalb\"\n\t\t\t\tdata-image-slug=\"20170620_090614\"\n\t\t\t\tclass='use_imagebrowser_effect' data-imagebrowser-url='https:\/\/www.puls200.de\/index.php\/nggallery\/image\/%STUB%?p=2197'>\n\t\t\t\t<img\n\t\t\t\t\ttitle=\"Fernsicht\"\n\t\t\t\t\talt=\"Fernsicht\"\n\t\t\t\t\tsrc=\"https:\/\/www.puls200.de\/wp-content\/gallery\/westweg_etappe_2\/thumbs\/thumbs_20170620_090614.jpg\"\n\t\t\t\t\twidth=\"120\"\n\t\t\t\t\theight=\"90\"\n\t\t\t\t\tstyle=\"max-width:100%;\"\n\t\t\t\t\/>\n\t\t\t<\/a>\n\t\t<\/div>\n\t\t\t\t\t\t\t<\/div> \n\t\t\t\n\t\t\n\t\t\t\t<div id=\"ngg-image-4\" class=\"ngg-gallery-thumbnail-box\" \n\t\t\t\t\t\t\t\t\t\t\t>\n\t\t\t\t\t\t<div class=\"ngg-gallery-thumbnail\">\n\t\t\t<a href=\"https:\/\/www.puls200.de\/wp-content\/gallery\/westweg_etappe_2\/20170620_091427.jpg\"\n\t\t\t\ttitle=\"Wu\u00dftet ihr, dass der giftig ist?\"\n\t\t\t\tdata-src=\"https:\/\/www.puls200.de\/wp-content\/gallery\/westweg_etappe_2\/20170620_091427.jpg\"\n\t\t\t\tdata-thumbnail=\"https:\/\/www.puls200.de\/wp-content\/gallery\/westweg_etappe_2\/thumbs\/thumbs_20170620_091427.jpg\"\n\t\t\t\tdata-image-id=\"150\"\n\t\t\t\tdata-title=\"Roter Fingerhut\"\n\t\t\t\tdata-description=\"Wu\u00dftet ihr, dass der giftig ist?\"\n\t\t\t\tdata-image-slug=\"20170620_091427\"\n\t\t\t\tclass='use_imagebrowser_effect' data-imagebrowser-url='https:\/\/www.puls200.de\/index.php\/nggallery\/image\/%STUB%?p=2197'>\n\t\t\t\t<img\n\t\t\t\t\ttitle=\"Roter Fingerhut\"\n\t\t\t\t\talt=\"Roter Fingerhut\"\n\t\t\t\t\tsrc=\"https:\/\/www.puls200.de\/wp-content\/gallery\/westweg_etappe_2\/thumbs\/thumbs_20170620_091427.jpg\"\n\t\t\t\t\twidth=\"120\"\n\t\t\t\t\theight=\"90\"\n\t\t\t\t\tstyle=\"max-width:100%;\"\n\t\t\t\t\/>\n\t\t\t<\/a>\n\t\t<\/div>\n\t\t\t\t\t\t\t<\/div> \n\t\t\t\n\t\t\n\t\t\t\t<div id=\"ngg-image-5\" class=\"ngg-gallery-thumbnail-box\" \n\t\t\t\t\t\t\t\t\t\t\t>\n\t\t\t\t\t\t<div class=\"ngg-gallery-thumbnail\">\n\t\t\t<a href=\"https:\/\/www.puls200.de\/wp-content\/gallery\/westweg_etappe_2\/20170620_091604.jpg\"\n\t\t\t\ttitle=\"Am Abend w\u00e4re ich davon nicht mehr hochgekommen\"\n\t\t\t\tdata-src=\"https:\/\/www.puls200.de\/wp-content\/gallery\/westweg_etappe_2\/20170620_091604.jpg\"\n\t\t\t\tdata-thumbnail=\"https:\/\/www.puls200.de\/wp-content\/gallery\/westweg_etappe_2\/thumbs\/thumbs_20170620_091604.jpg\"\n\t\t\t\tdata-image-id=\"151\"\n\t\t\t\tdata-title=\"I totally agree\"\n\t\t\t\tdata-description=\"Am Abend w\u00e4re ich davon nicht mehr hochgekommen\"\n\t\t\t\tdata-image-slug=\"20170620_091604\"\n\t\t\t\tclass='use_imagebrowser_effect' data-imagebrowser-url='https:\/\/www.puls200.de\/index.php\/nggallery\/image\/%STUB%?p=2197'>\n\t\t\t\t<img\n\t\t\t\t\ttitle=\"I totally agree\"\n\t\t\t\t\talt=\"I totally agree\"\n\t\t\t\t\tsrc=\"https:\/\/www.puls200.de\/wp-content\/gallery\/westweg_etappe_2\/thumbs\/thumbs_20170620_091604.jpg\"\n\t\t\t\t\twidth=\"120\"\n\t\t\t\t\theight=\"90\"\n\t\t\t\t\tstyle=\"max-width:100%;\"\n\t\t\t\t\/>\n\t\t\t<\/a>\n\t\t<\/div>\n\t\t\t\t\t\t\t<\/div> \n\t\t\t\n\t\t\n\t\t\t\t<div id=\"ngg-image-6\" class=\"ngg-gallery-thumbnail-box\" \n\t\t\t\t\t\t\t\t\t\t\t>\n\t\t\t\t\t\t<div class=\"ngg-gallery-thumbnail\">\n\t\t\t<a href=\"https:\/\/www.puls200.de\/wp-content\/gallery\/westweg_etappe_2\/20170620_092348.jpg\"\n\t\t\t\ttitle=\"Klein aber \u00fcberdacht\"\n\t\t\t\tdata-src=\"https:\/\/www.puls200.de\/wp-content\/gallery\/westweg_etappe_2\/20170620_092348.jpg\"\n\t\t\t\tdata-thumbnail=\"https:\/\/www.puls200.de\/wp-content\/gallery\/westweg_etappe_2\/thumbs\/thumbs_20170620_092348.jpg\"\n\t\t\t\tdata-image-id=\"152\"\n\t\t\t\tdata-title=\"Hahnenfalzh\u00fctte\"\n\t\t\t\tdata-description=\"Klein aber \u00fcberdacht\"\n\t\t\t\tdata-image-slug=\"20170620_092348\"\n\t\t\t\tclass='use_imagebrowser_effect' data-imagebrowser-url='https:\/\/www.puls200.de\/index.php\/nggallery\/image\/%STUB%?p=2197'>\n\t\t\t\t<img\n\t\t\t\t\ttitle=\"Hahnenfalzh\u00fctte\"\n\t\t\t\t\talt=\"Hahnenfalzh\u00fctte\"\n\t\t\t\t\tsrc=\"https:\/\/www.puls200.de\/wp-content\/gallery\/westweg_etappe_2\/thumbs\/thumbs_20170620_092348.jpg\"\n\t\t\t\t\twidth=\"120\"\n\t\t\t\t\theight=\"90\"\n\t\t\t\t\tstyle=\"max-width:100%;\"\n\t\t\t\t\/>\n\t\t\t<\/a>\n\t\t<\/div>\n\t\t\t\t\t\t\t<\/div> \n\t\t\t\n\t\t\n\t\t\t\t<div id=\"ngg-image-7\" class=\"ngg-gallery-thumbnail-box\" \n\t\t\t\t\t\t\t\t\t\t\t>\n\t\t\t\t\t\t<div class=\"ngg-gallery-thumbnail\">\n\t\t\t<a href=\"https:\/\/www.puls200.de\/wp-content\/gallery\/westweg_etappe_2\/20170620_101442.jpg\"\n\t\t\t\ttitle=\"\"\n\t\t\t\tdata-src=\"https:\/\/www.puls200.de\/wp-content\/gallery\/westweg_etappe_2\/20170620_101442.jpg\"\n\t\t\t\tdata-thumbnail=\"https:\/\/www.puls200.de\/wp-content\/gallery\/westweg_etappe_2\/thumbs\/thumbs_20170620_101442.jpg\"\n\t\t\t\tdata-image-id=\"153\"\n\t\t\t\tdata-title=\"Rastplatz\"\n\t\t\t\tdata-description=\"\"\n\t\t\t\tdata-image-slug=\"20170620_101442\"\n\t\t\t\tclass='use_imagebrowser_effect' data-imagebrowser-url='https:\/\/www.puls200.de\/index.php\/nggallery\/image\/%STUB%?p=2197'>\n\t\t\t\t<img\n\t\t\t\t\ttitle=\"Rastplatz\"\n\t\t\t\t\talt=\"Rastplatz\"\n\t\t\t\t\tsrc=\"https:\/\/www.puls200.de\/wp-content\/gallery\/westweg_etappe_2\/thumbs\/thumbs_20170620_101442.jpg\"\n\t\t\t\t\twidth=\"120\"\n\t\t\t\t\theight=\"90\"\n\t\t\t\t\tstyle=\"max-width:100%;\"\n\t\t\t\t\/>\n\t\t\t<\/a>\n\t\t<\/div>\n\t\t\t\t\t\t\t<\/div> \n\t\t\t\n\t\t\n\t\t\t\t<div id=\"ngg-image-8\" class=\"ngg-gallery-thumbnail-box\" \n\t\t\t\t\t\t\t\t\t\t\t>\n\t\t\t\t\t\t<div class=\"ngg-gallery-thumbnail\">\n\t\t\t<a href=\"https:\/\/www.puls200.de\/wp-content\/gallery\/westweg_etappe_2\/20170620_105257.jpg\"\n\t\t\t\ttitle=\"\"\n\t\t\t\tdata-src=\"https:\/\/www.puls200.de\/wp-content\/gallery\/westweg_etappe_2\/20170620_105257.jpg\"\n\t\t\t\tdata-thumbnail=\"https:\/\/www.puls200.de\/wp-content\/gallery\/westweg_etappe_2\/thumbs\/thumbs_20170620_105257.jpg\"\n\t\t\t\tdata-image-id=\"154\"\n\t\t\t\tdata-title=\"\u00dcbernachtungs-tauglich\"\n\t\t\t\tdata-description=\"\"\n\t\t\t\tdata-image-slug=\"20170620_105257\"\n\t\t\t\tclass='use_imagebrowser_effect' data-imagebrowser-url='https:\/\/www.puls200.de\/index.php\/nggallery\/image\/%STUB%?p=2197'>\n\t\t\t\t<img\n\t\t\t\t\ttitle=\"\u00dcbernachtungs-tauglich\"\n\t\t\t\t\talt=\"\u00dcbernachtungs-tauglich\"\n\t\t\t\t\tsrc=\"https:\/\/www.puls200.de\/wp-content\/gallery\/westweg_etappe_2\/thumbs\/thumbs_20170620_105257.jpg\"\n\t\t\t\t\twidth=\"120\"\n\t\t\t\t\theight=\"90\"\n\t\t\t\t\tstyle=\"max-width:100%;\"\n\t\t\t\t\/>\n\t\t\t<\/a>\n\t\t<\/div>\n\t\t\t\t\t\t\t<\/div> \n\t\t\t\n\t\t\n\t\t\t\t<div id=\"ngg-image-9\" class=\"ngg-gallery-thumbnail-box\" \n\t\t\t\t\t\t\t\t\t\t\t>\n\t\t\t\t\t\t<div class=\"ngg-gallery-thumbnail\">\n\t\t\t<a href=\"https:\/\/www.puls200.de\/wp-content\/gallery\/westweg_etappe_2\/20170620_113704.jpg\"\n\t\t\t\ttitle=\"\"\n\t\t\t\tdata-src=\"https:\/\/www.puls200.de\/wp-content\/gallery\/westweg_etappe_2\/20170620_113704.jpg\"\n\t\t\t\tdata-thumbnail=\"https:\/\/www.puls200.de\/wp-content\/gallery\/westweg_etappe_2\/thumbs\/thumbs_20170620_113704.jpg\"\n\t\t\t\tdata-image-id=\"155\"\n\t\t\t\tdata-title=\"Wer hat den ganzen Farn ausges\u00e4t\"\n\t\t\t\tdata-description=\"\"\n\t\t\t\tdata-image-slug=\"20170620_113704\"\n\t\t\t\tclass='use_imagebrowser_effect' data-imagebrowser-url='https:\/\/www.puls200.de\/index.php\/nggallery\/image\/%STUB%?p=2197'>\n\t\t\t\t<img\n\t\t\t\t\ttitle=\"Wer hat den ganzen Farn ausges\u00e4t\"\n\t\t\t\t\talt=\"Wer hat den ganzen Farn ausges\u00e4t\"\n\t\t\t\t\tsrc=\"https:\/\/www.puls200.de\/wp-content\/gallery\/westweg_etappe_2\/thumbs\/thumbs_20170620_113704.jpg\"\n\t\t\t\t\twidth=\"120\"\n\t\t\t\t\theight=\"90\"\n\t\t\t\t\tstyle=\"max-width:100%;\"\n\t\t\t\t\/>\n\t\t\t<\/a>\n\t\t<\/div>\n\t\t\t\t\t\t\t<\/div> \n\t\t\t\n\t\t\n\t\t\t\t<div id=\"ngg-image-10\" class=\"ngg-gallery-thumbnail-box\" \n\t\t\t\t\t\t\t\t\t\t\t>\n\t\t\t\t\t\t<div class=\"ngg-gallery-thumbnail\">\n\t\t\t<a href=\"https:\/\/www.puls200.de\/wp-content\/gallery\/westweg_etappe_2\/20170620_123725.jpg\"\n\t\t\t\ttitle=\"\"\n\t\t\t\tdata-src=\"https:\/\/www.puls200.de\/wp-content\/gallery\/westweg_etappe_2\/20170620_123725.jpg\"\n\t\t\t\tdata-thumbnail=\"https:\/\/www.puls200.de\/wp-content\/gallery\/westweg_etappe_2\/thumbs\/thumbs_20170620_123725.jpg\"\n\t\t\t\tdata-image-id=\"156\"\n\t\t\t\tdata-title=\"Bohlenweg am Hohloh-See\"\n\t\t\t\tdata-description=\"\"\n\t\t\t\tdata-image-slug=\"20170620_123725\"\n\t\t\t\tclass='use_imagebrowser_effect' data-imagebrowser-url='https:\/\/www.puls200.de\/index.php\/nggallery\/image\/%STUB%?p=2197'>\n\t\t\t\t<img\n\t\t\t\t\ttitle=\"Bohlenweg am Hohloh-See\"\n\t\t\t\t\talt=\"Bohlenweg am Hohloh-See\"\n\t\t\t\t\tsrc=\"https:\/\/www.puls200.de\/wp-content\/gallery\/westweg_etappe_2\/thumbs\/thumbs_20170620_123725.jpg\"\n\t\t\t\t\twidth=\"120\"\n\t\t\t\t\theight=\"90\"\n\t\t\t\t\tstyle=\"max-width:100%;\"\n\t\t\t\t\/>\n\t\t\t<\/a>\n\t\t<\/div>\n\t\t\t\t\t\t\t<\/div> \n\t\t\t\n\t\t\n\t\t\t\t<div id=\"ngg-image-11\" class=\"ngg-gallery-thumbnail-box\" \n\t\t\t\t\t\t\t\t\t\t\t>\n\t\t\t\t\t\t<div class=\"ngg-gallery-thumbnail\">\n\t\t\t<a href=\"https:\/\/www.puls200.de\/wp-content\/gallery\/westweg_etappe_2\/20170620_124222.jpg\"\n\t\t\t\ttitle=\"\"\n\t\t\t\tdata-src=\"https:\/\/www.puls200.de\/wp-content\/gallery\/westweg_etappe_2\/20170620_124222.jpg\"\n\t\t\t\tdata-thumbnail=\"https:\/\/www.puls200.de\/wp-content\/gallery\/westweg_etappe_2\/thumbs\/thumbs_20170620_124222.jpg\"\n\t\t\t\tdata-image-id=\"157\"\n\t\t\t\tdata-title=\"Hohloh-Turm\"\n\t\t\t\tdata-description=\"\"\n\t\t\t\tdata-image-slug=\"20170620_124222\"\n\t\t\t\tclass='use_imagebrowser_effect' data-imagebrowser-url='https:\/\/www.puls200.de\/index.php\/nggallery\/image\/%STUB%?p=2197'>\n\t\t\t\t<img\n\t\t\t\t\ttitle=\"Hohloh-Turm\"\n\t\t\t\t\talt=\"Hohloh-Turm\"\n\t\t\t\t\tsrc=\"https:\/\/www.puls200.de\/wp-content\/gallery\/westweg_etappe_2\/thumbs\/thumbs_20170620_124222.jpg\"\n\t\t\t\t\twidth=\"120\"\n\t\t\t\t\theight=\"90\"\n\t\t\t\t\tstyle=\"max-width:100%;\"\n\t\t\t\t\/>\n\t\t\t<\/a>\n\t\t<\/div>\n\t\t\t\t\t\t\t<\/div> \n\t\t\t\n\t\t\n\t\t\t\t<div id=\"ngg-image-12\" class=\"ngg-gallery-thumbnail-box\" \n\t\t\t\t\t\t\t\t\t\t\t>\n\t\t\t\t\t\t<div class=\"ngg-gallery-thumbnail\">\n\t\t\t<a href=\"https:\/\/www.puls200.de\/wp-content\/gallery\/westweg_etappe_2\/20170620_124711.jpg\"\n\t\t\t\ttitle=\"\"\n\t\t\t\tdata-src=\"https:\/\/www.puls200.de\/wp-content\/gallery\/westweg_etappe_2\/20170620_124711.jpg\"\n\t\t\t\tdata-thumbnail=\"https:\/\/www.puls200.de\/wp-content\/gallery\/westweg_etappe_2\/thumbs\/thumbs_20170620_124711.jpg\"\n\t\t\t\tdata-image-id=\"158\"\n\t\t\t\tdata-title=\"Richtung Nordwesten\"\n\t\t\t\tdata-description=\"\"\n\t\t\t\tdata-image-slug=\"20170620_124711\"\n\t\t\t\tclass='use_imagebrowser_effect' data-imagebrowser-url='https:\/\/www.puls200.de\/index.php\/nggallery\/image\/%STUB%?p=2197'>\n\t\t\t\t<img\n\t\t\t\t\ttitle=\"Richtung Nordwesten\"\n\t\t\t\t\talt=\"Richtung Nordwesten\"\n\t\t\t\t\tsrc=\"https:\/\/www.puls200.de\/wp-content\/gallery\/westweg_etappe_2\/thumbs\/thumbs_20170620_124711.jpg\"\n\t\t\t\t\twidth=\"120\"\n\t\t\t\t\theight=\"90\"\n\t\t\t\t\tstyle=\"max-width:100%;\"\n\t\t\t\t\/>\n\t\t\t<\/a>\n\t\t<\/div>\n\t\t\t\t\t\t\t<\/div> \n\t\t\t\n\t\t\n\t\t\t\t<div id=\"ngg-image-13\" class=\"ngg-gallery-thumbnail-box\" \n\t\t\t\t\t\t\t\t\t\t\t>\n\t\t\t\t\t\t<div class=\"ngg-gallery-thumbnail\">\n\t\t\t<a href=\"https:\/\/www.puls200.de\/wp-content\/gallery\/westweg_etappe_2\/20170620_124820.jpg\"\n\t\t\t\ttitle=\"Im Tal hinter der hinteren Kuppe liegt das Ziel (Forbach)\"\n\t\t\t\tdata-src=\"https:\/\/www.puls200.de\/wp-content\/gallery\/westweg_etappe_2\/20170620_124820.jpg\"\n\t\t\t\tdata-thumbnail=\"https:\/\/www.puls200.de\/wp-content\/gallery\/westweg_etappe_2\/thumbs\/thumbs_20170620_124820.jpg\"\n\t\t\t\tdata-image-id=\"159\"\n\t\t\t\tdata-title=\"Richtung S\u00fcdwesten\"\n\t\t\t\tdata-description=\"Im Tal hinter der hinteren Kuppe liegt das Ziel (Forbach)\"\n\t\t\t\tdata-image-slug=\"20170620_124820\"\n\t\t\t\tclass='use_imagebrowser_effect' data-imagebrowser-url='https:\/\/www.puls200.de\/index.php\/nggallery\/image\/%STUB%?p=2197'>\n\t\t\t\t<img\n\t\t\t\t\ttitle=\"Richtung S\u00fcdwesten\"\n\t\t\t\t\talt=\"Richtung S\u00fcdwesten\"\n\t\t\t\t\tsrc=\"https:\/\/www.puls200.de\/wp-content\/gallery\/westweg_etappe_2\/thumbs\/thumbs_20170620_124820.jpg\"\n\t\t\t\t\twidth=\"120\"\n\t\t\t\t\theight=\"90\"\n\t\t\t\t\tstyle=\"max-width:100%;\"\n\t\t\t\t\/>\n\t\t\t<\/a>\n\t\t<\/div>\n\t\t\t\t\t\t\t<\/div> \n\t\t\t\n\t\t\n\t\t\t\t<div id=\"ngg-image-14\" class=\"ngg-gallery-thumbnail-box\" \n\t\t\t\t\t\t\t\t\t\t\t>\n\t\t\t\t\t\t<div class=\"ngg-gallery-thumbnail\">\n\t\t\t<a href=\"https:\/\/www.puls200.de\/wp-content\/gallery\/westweg_etappe_2\/20170620_125012.jpg\"\n\t\t\t\ttitle=\"Auf dem Weg bin ich gekommen\"\n\t\t\t\tdata-src=\"https:\/\/www.puls200.de\/wp-content\/gallery\/westweg_etappe_2\/20170620_125012.jpg\"\n\t\t\t\tdata-thumbnail=\"https:\/\/www.puls200.de\/wp-content\/gallery\/westweg_etappe_2\/thumbs\/thumbs_20170620_125012.jpg\"\n\t\t\t\tdata-image-id=\"160\"\n\t\t\t\tdata-title=\"Richtung Osten\"\n\t\t\t\tdata-description=\"Auf dem Weg bin ich gekommen\"\n\t\t\t\tdata-image-slug=\"20170620_125012\"\n\t\t\t\tclass='use_imagebrowser_effect' data-imagebrowser-url='https:\/\/www.puls200.de\/index.php\/nggallery\/image\/%STUB%?p=2197'>\n\t\t\t\t<img\n\t\t\t\t\ttitle=\"Richtung Osten\"\n\t\t\t\t\talt=\"Richtung Osten\"\n\t\t\t\t\tsrc=\"https:\/\/www.puls200.de\/wp-content\/gallery\/westweg_etappe_2\/thumbs\/thumbs_20170620_125012.jpg\"\n\t\t\t\t\twidth=\"120\"\n\t\t\t\t\theight=\"90\"\n\t\t\t\t\tstyle=\"max-width:100%;\"\n\t\t\t\t\/>\n\t\t\t<\/a>\n\t\t<\/div>\n\t\t\t\t\t\t\t<\/div> \n\t\t\t\n\t\t\n\t\t\t\t<div id=\"ngg-image-15\" class=\"ngg-gallery-thumbnail-box\" \n\t\t\t\t\t\t\t\t\t\t\t>\n\t\t\t\t\t\t<div class=\"ngg-gallery-thumbnail\">\n\t\t\t<a href=\"https:\/\/www.puls200.de\/wp-content\/gallery\/westweg_etappe_2\/20170620_151518.jpg\"\n\t\t\t\ttitle=\"Hier hat jemand seinen Nimbus 2000 liegen lassen..\"\n\t\t\t\tdata-src=\"https:\/\/www.puls200.de\/wp-content\/gallery\/westweg_etappe_2\/20170620_151518.jpg\"\n\t\t\t\tdata-thumbnail=\"https:\/\/www.puls200.de\/wp-content\/gallery\/westweg_etappe_2\/thumbs\/thumbs_20170620_151518.jpg\"\n\t\t\t\tdata-image-id=\"161\"\n\t\t\t\tdata-title=\"Kunst bei Forbach\"\n\t\t\t\tdata-description=\"Hier hat jemand seinen Nimbus 2000 liegen lassen..\"\n\t\t\t\tdata-image-slug=\"20170620_151518\"\n\t\t\t\tclass='use_imagebrowser_effect' data-imagebrowser-url='https:\/\/www.puls200.de\/index.php\/nggallery\/image\/%STUB%?p=2197'>\n\t\t\t\t<img\n\t\t\t\t\ttitle=\"Kunst bei Forbach\"\n\t\t\t\t\talt=\"Kunst bei Forbach\"\n\t\t\t\t\tsrc=\"https:\/\/www.puls200.de\/wp-content\/gallery\/westweg_etappe_2\/thumbs\/thumbs_20170620_151518.jpg\"\n\t\t\t\t\twidth=\"120\"\n\t\t\t\t\theight=\"90\"\n\t\t\t\t\tstyle=\"max-width:100%;\"\n\t\t\t\t\/>\n\t\t\t<\/a>\n\t\t<\/div>\n\t\t\t\t\t\t\t<\/div> \n\t\t\t\n\t\t\n\t\t\t\t<div id=\"ngg-image-16\" class=\"ngg-gallery-thumbnail-box\" \n\t\t\t\t\t\t\t\t\t\t\t>\n\t\t\t\t\t\t<div class=\"ngg-gallery-thumbnail\">\n\t\t\t<a href=\"https:\/\/www.puls200.de\/wp-content\/gallery\/westweg_etappe_2\/20170620_152322.jpg\"\n\t\t\t\ttitle=\"Jeder fasst ihr an die ?! *wtf*\"\n\t\t\t\tdata-src=\"https:\/\/www.puls200.de\/wp-content\/gallery\/westweg_etappe_2\/20170620_152322.jpg\"\n\t\t\t\tdata-thumbnail=\"https:\/\/www.puls200.de\/wp-content\/gallery\/westweg_etappe_2\/thumbs\/thumbs_20170620_152322.jpg\"\n\t\t\t\tdata-image-id=\"162\"\n\t\t\t\tdata-title=\"Hexenbr\u00fcnnele\"\n\t\t\t\tdata-description=\"Jeder fasst ihr an die ?! *wtf*\"\n\t\t\t\tdata-image-slug=\"20170620_152322\"\n\t\t\t\tclass='use_imagebrowser_effect' data-imagebrowser-url='https:\/\/www.puls200.de\/index.php\/nggallery\/image\/%STUB%?p=2197'>\n\t\t\t\t<img\n\t\t\t\t\ttitle=\"Hexenbr\u00fcnnele\"\n\t\t\t\t\talt=\"Hexenbr\u00fcnnele\"\n\t\t\t\t\tsrc=\"https:\/\/www.puls200.de\/wp-content\/gallery\/westweg_etappe_2\/thumbs\/thumbs_20170620_152322.jpg\"\n\t\t\t\t\twidth=\"120\"\n\t\t\t\t\theight=\"90\"\n\t\t\t\t\tstyle=\"max-width:100%;\"\n\t\t\t\t\/>\n\t\t\t<\/a>\n\t\t<\/div>\n\t\t\t\t\t\t\t<\/div> \n\t\t\t\n\t\t\n\t\t\t\t<div id=\"ngg-image-17\" class=\"ngg-gallery-thumbnail-box\" \n\t\t\t\t\t\t\t\t\t\t\t>\n\t\t\t\t\t\t<div class=\"ngg-gallery-thumbnail\">\n\t\t\t<a href=\"https:\/\/www.puls200.de\/wp-content\/gallery\/westweg_etappe_2\/20170620_154058.jpg\"\n\t\t\t\ttitle=\"Bei 34\u00b0 liegt es ganz verschlafen da..\"\n\t\t\t\tdata-src=\"https:\/\/www.puls200.de\/wp-content\/gallery\/westweg_etappe_2\/20170620_154058.jpg\"\n\t\t\t\tdata-thumbnail=\"https:\/\/www.puls200.de\/wp-content\/gallery\/westweg_etappe_2\/thumbs\/thumbs_20170620_154058.jpg\"\n\t\t\t\tdata-image-id=\"163\"\n\t\t\t\tdata-title=\"Forbach\"\n\t\t\t\tdata-description=\"Bei 34\u00b0 liegt es ganz verschlafen da..\"\n\t\t\t\tdata-image-slug=\"20170620_154058\"\n\t\t\t\tclass='use_imagebrowser_effect' data-imagebrowser-url='https:\/\/www.puls200.de\/index.php\/nggallery\/image\/%STUB%?p=2197'>\n\t\t\t\t<img\n\t\t\t\t\ttitle=\"Forbach\"\n\t\t\t\t\talt=\"Forbach\"\n\t\t\t\t\tsrc=\"https:\/\/www.puls200.de\/wp-content\/gallery\/westweg_etappe_2\/thumbs\/thumbs_20170620_154058.jpg\"\n\t\t\t\t\twidth=\"120\"\n\t\t\t\t\theight=\"90\"\n\t\t\t\t\tstyle=\"max-width:100%;\"\n\t\t\t\t\/>\n\t\t\t<\/a>\n\t\t<\/div>\n\t\t\t\t\t\t\t<\/div> \n\t\t\t\n\t\t\n\t\t\t\t<div id=\"ngg-image-18\" class=\"ngg-gallery-thumbnail-box\" \n\t\t\t\t\t\t\t\t\t\t\t>\n\t\t\t\t\t\t<div class=\"ngg-gallery-thumbnail\">\n\t\t\t<a href=\"https:\/\/www.puls200.de\/wp-content\/gallery\/westweg_etappe_2\/20170620_155608.jpg\"\n\t\t\t\ttitle=\"Nein, Selfie war zu anstrengend\"\n\t\t\t\tdata-src=\"https:\/\/www.puls200.de\/wp-content\/gallery\/westweg_etappe_2\/20170620_155608.jpg\"\n\t\t\t\tdata-thumbnail=\"https:\/\/www.puls200.de\/wp-content\/gallery\/westweg_etappe_2\/thumbs\/thumbs_20170620_155608.jpg\"\n\t\t\t\tdata-image-id=\"164\"\n\t\t\t\tdata-title=\"Ein weiteres Wandertor in Forbach\"\n\t\t\t\tdata-description=\"Nein, Selfie war zu anstrengend\"\n\t\t\t\tdata-image-slug=\"20170620_155608\"\n\t\t\t\tclass='use_imagebrowser_effect' data-imagebrowser-url='https:\/\/www.puls200.de\/index.php\/nggallery\/image\/%STUB%?p=2197'>\n\t\t\t\t<img\n\t\t\t\t\ttitle=\"Ein weiteres Wandertor in Forbach\"\n\t\t\t\t\talt=\"Ein weiteres Wandertor in Forbach\"\n\t\t\t\t\tsrc=\"https:\/\/www.puls200.de\/wp-content\/gallery\/westweg_etappe_2\/thumbs\/thumbs_20170620_155608.jpg\"\n\t\t\t\t\twidth=\"120\"\n\t\t\t\t\theight=\"90\"\n\t\t\t\t\tstyle=\"max-width:100%;\"\n\t\t\t\t\/>\n\t\t\t<\/a>\n\t\t<\/div>\n\t\t\t\t\t\t\t<\/div> \n\t\t\t\n\t\t\n\t\t\t\t<div id=\"ngg-image-19\" class=\"ngg-gallery-thumbnail-box\" \n\t\t\t\t\t\t\t\t\t\t\t>\n\t\t\t\t\t\t<div class=\"ngg-gallery-thumbnail\">\n\t\t\t<a href=\"https:\/\/www.puls200.de\/wp-content\/gallery\/westweg_etappe_2\/20170620_183935.jpg\"\n\t\t\t\ttitle=\"Opulenter Vorplatz der kath. Kirche\"\n\t\t\t\tdata-src=\"https:\/\/www.puls200.de\/wp-content\/gallery\/westweg_etappe_2\/20170620_183935.jpg\"\n\t\t\t\tdata-thumbnail=\"https:\/\/www.puls200.de\/wp-content\/gallery\/westweg_etappe_2\/thumbs\/thumbs_20170620_183935.jpg\"\n\t\t\t\tdata-image-id=\"165\"\n\t\t\t\tdata-title=\"Die Forbacher haben was erreicht\"\n\t\t\t\tdata-description=\"Opulenter Vorplatz der kath. Kirche\"\n\t\t\t\tdata-image-slug=\"20170620_183935\"\n\t\t\t\tclass='use_imagebrowser_effect' data-imagebrowser-url='https:\/\/www.puls200.de\/index.php\/nggallery\/image\/%STUB%?p=2197'>\n\t\t\t\t<img\n\t\t\t\t\ttitle=\"Die Forbacher haben was erreicht\"\n\t\t\t\t\talt=\"Die Forbacher haben was erreicht\"\n\t\t\t\t\tsrc=\"https:\/\/www.puls200.de\/wp-content\/gallery\/westweg_etappe_2\/thumbs\/thumbs_20170620_183935.jpg\"\n\t\t\t\t\twidth=\"120\"\n\t\t\t\t\theight=\"90\"\n\t\t\t\t\tstyle=\"max-width:100%;\"\n\t\t\t\t\/>\n\t\t\t<\/a>\n\t\t<\/div>\n\t\t\t\t\t\t\t<\/div> \n\t\t\t\n\t\t\n\t\t\n\t\t<!-- Pagination -->\n\t\t<div class='ngg-clear'><\/div>\t<\/div>\n\n<p>.<\/p>\n\n\n\t\t\t\t<div id=\"map_ol3js_1\" class=\"map undefined\" data-map_name=\"undefined\" data-map=\"map_ol3js_1\" style=\"width:100%; max-width:100%; height:450px; display:block; overflow:hidden;border:2px solid grey;\" >\n\t\t\t\t  <div id=\"map_ol3js_1_popup\" class=\"ol-popup\" >\n\t\t\t\t\t<a href=\"#\" id=\"map_ol3js_1_popup-closer\" class=\"ol-popup-closer\"><\/a>\n\t\t\t\t\t<div id=\"map_ol3js_1_popup-content\" ><\/div>\n\t\t\t\t  <\/div>\n\t\t\t\t<\/div>\n\t\t\t\n\t\t\t\t<link rel=\"stylesheet\" href=\"https:\/\/www.puls200.de\/wp-content\/plugins\/osm\/js\/OL\/7.1.0\/ol.css?ver=7.1.0\" type=\"text\/css\">\n\t\t\t\t<link rel=\"stylesheet\" href=\"https:\/\/www.puls200.de\/wp-content\/plugins\/osm\/css\/osm_map_v3.css?ver=1.0.0\" type=\"text\/css\">\n\t\t\t\t<link rel=\"stylesheet\" href=\"https:\/\/www.puls200.de\/wp-content\/plugins\/osm\/css\/osm_map.css?ver=1.0.0\" type=\"text\/css\">\n\t\t\t\t<!-- The line below is only needed for old environments like Internet Explorer and Android 4.x -->\n                                <script src=\"https:\/\/www.puls200.de\/wp-content\/plugins\/osm\/js\/polyfill\/v2\/polyfill.min.js?features=requestAnimationFrame,Element.prototype.classList,URL\"><\/script>\n\n\t\t\t\t<script src=\"https:\/\/www.puls200.de\/wp-content\/plugins\/osm\/js\/OL\/7.1.0\/ol.js?ver=7.1.0\" type=\"text\/javascript\"><\/script>\n\t\t\t\t<script src=\"https:\/\/www.puls200.de\/wp-content\/plugins\/osm\/js\/osm-v3-plugin-lib.js?ver=1.0.0\" type=\"text\/javascript\"><\/script>\n\t\t\t\t<script src=\"https:\/\/www.puls200.de\/wp-content\/plugins\/osm\/js\/osm-metabox-events.js?ver=1.0.0\" type=\"text\/javascript\"><\/script>\n\t\t\t\t<script src=\"https:\/\/www.puls200.de\/wp-content\/plugins\/osm\/js\/osm-startup-lib.js\" type=\"text\/javascript\"><\/script>\n\t\t\t\t<script type=\"text\/javascript\">\n\t\t\t\t\ttranslations['openlayer'] = \"open layer\";\n\t\t\t\t\ttranslations['openlayerAtStartup'] = \"open layer at startup\";\n\t\t\t\t\ttranslations['generateLink'] = \"link to this map with opened layers\";\n\t\t\t\t\ttranslations['shortDescription'] = \"short description\";\n\t\t\t\t\ttranslations['generatedShortCode'] = \"to get a text control link paste this code in your wordpress editor\";\n\t\t\t\t\ttranslations['closeLayer'] = \"close layer\";\n\t\t\t\t\ttranslations['cantGenerateLink'] = \"put this string in the existing map short code to control this map\";\n\t\t\t  <\/script>\n\n\n\t\t\t  <script type=\"text\/javascript\">\n\t\t\t  vectorM['map_ol3js_1'] = [];\n\t        \n        var raster = getTileLayer(\"osm\",\"NoKey\");\t\t\t\n\n\t\t\t  var map_ol3js_1 = new ol.Map({\n\t\t\t\tinteractions: ol.interaction.defaults.defaults({mouseWheelZoom:false}),\n\t\t\t\tlayers: [raster],\n\t\t\t\ttarget: \"map_ol3js_1\",\n\t\t\t\tview: new ol.View({\n\t\t\t\t  center: ol.proj.transform([8.411,48.739], \"EPSG:4326\", \"EPSG:3857\"),\n\t\t\t\t  zoom: 11\n\t\t\t\t})\n\t\t\t  });\n\t\t\t  \n    var style0 = {\n      \"Point\": [new ol.style.Style({\n\n          image: new ol.style.Icon({\n            anchor: [0.5, 41],\n            anchorXUnits: \"fraction\",\n            anchorYUnits: \"pixels\",\n            opacity: 0.75,\n            src: \"https:\/\/www.puls200.de\/wp-content\/plugins\/osm\/icons\/mic_blue_pinother_02.png\"\n          })\n      })],\n\n      \"LineString\": [new ol.style.Style({\n        stroke: new ol.style.Stroke({\n          color: \"orange\",\n          width: 8\n        })\n      })],\n      \"MultiLineString\": [new ol.style.Style({\n        stroke: new ol.style.Stroke({\n          color: \"orange\",\n          width: 4\n        })\n      })]\n    };\n\t\t  vectorL0 = new ol.layer.Vector({\n\n\t\t\tsource: new ol.source.Vector({\n\t\t  url:\"..\/..\/..\/..\/..\/gpx\/20170620-073956.kml\",\n\t\t\t  format: new ol.format.KML({ showPointNames: false})\n\t\t\t}),\n         zIndex: 92\n\t\t  });map_ol3js_1.addLayer(vectorL0);addControls2Map(map_ol3js_1,0,0,3,0,5,6,7,0,1);\nosm_addPopupClickhandler(map_ol3js_1,  \"map_ol3js_1\"); \nosm_addMouseHover(map_ol3js_1); <\/script>\n","protected":false},"excerpt":{"rendered":"<p>Dienstag, 20.6.2017 Aufstehen mit den Handwerkern: Kein Problem, wenn man am Abend zuvor fr\u00fch umgekippt ist. Das Fr\u00fchst\u00fcck ist etwas spartanisch, wird aber durch die illustre Runde in der Gaststube mehr als wett gemacht. Zwei weitere Wanderfrauen sitzen querab, wir &hellip; <a href=\"https:\/\/www.puls200.de\/?p=2197\">Continue reading <span class=\"meta-nav\">&rarr;<\/span><\/a><\/p>\n","protected":false},"author":1,"featured_media":0,"comment_status":"open","ping_status":"open","sticky":false,"template":"","format":"standard","meta":{"ngg_post_thumbnail":0},"categories":[21],"tags":[63,62],"_links":{"self":[{"href":"https:\/\/www.puls200.de\/index.php?rest_route=\/wp\/v2\/posts\/2197"}],"collection":[{"href":"https:\/\/www.puls200.de\/index.php?rest_route=\/wp\/v2\/posts"}],"about":[{"href":"https:\/\/www.puls200.de\/index.php?rest_route=\/wp\/v2\/types\/post"}],"author":[{"embeddable":true,"href":"https:\/\/www.puls200.de\/index.php?rest_route=\/wp\/v2\/users\/1"}],"replies":[{"embeddable":true,"href":"https:\/\/www.puls200.de\/index.php?rest_route=%2Fwp%2Fv2%2Fcomments&post=2197"}],"version-history":[{"count":9,"href":"https:\/\/www.puls200.de\/index.php?rest_route=\/wp\/v2\/posts\/2197\/revisions"}],"predecessor-version":[{"id":2251,"href":"https:\/\/www.puls200.de\/index.php?rest_route=\/wp\/v2\/posts\/2197\/revisions\/2251"}],"wp:attachment":[{"href":"https:\/\/www.puls200.de\/index.php?rest_route=%2Fwp%2Fv2%2Fmedia&parent=2197"}],"wp:term":[{"taxonomy":"category","embeddable":true,"href":"https:\/\/www.puls200.de\/index.php?rest_route=%2Fwp%2Fv2%2Fcategories&post=2197"},{"taxonomy":"post_tag","embeddable":true,"href":"https:\/\/www.puls200.de\/index.php?rest_route=%2Fwp%2Fv2%2Ftags&post=2197"}],"curies":[{"name":"wp","href":"https:\/\/api.w.org\/{rel}","templated":true}]}}